{"id":22391,"date":"2017-10-01T17:25:06","date_gmt":"2017-10-01T16:25:06","guid":{"rendered":"https:\/\/old.mercatflors.cat\/?p=22391\/"},"modified":"2017-10-01T17:25:06","modified_gmt":"2017-10-01T16:25:06","slug":"suspesa-la-funcio-de-diumenge-1-doctubre","status":"publish","type":"post","link":"https:\/\/old.mercatflors.cat\/en\/general-en\/suspesa-la-funcio-de-diumenge-1-doctubre\/","title":{"rendered":"Suspesa la funci\u00f3 de diumenge 1 d&#8217;octubre"},"content":{"rendered":"<p>Davant dels fets succe\u00efts en les darreres hores a Catalunya i en rebuig a l&#8217;actuaci\u00f3 antidemocr\u00e0tica, indigne i i desmesurada de les forces de la policia nacional espanyola, amb un acarnissament innecessari contra els ciutadans en resist\u00e8ncia pac\u00edfica d&#8217;aquest pa\u00eds, el teatre Mercat de les Flors suspendr\u00e0 la seva funci\u00f3 d&#8217;avui.<\/p>\n<p>Com a entitat que treballa pel coneixement, el di\u00e0leg i la cultura, condemnem tots aquells que donen suport a aquest tipus d&#8217;accions violentes i prim\u00e0ries, que no s\u00f3n dignes d&#8217;una societat com per la que treballem dia a dia des del nostre \u00e0mbit<\/p>\n<p>Entitats adherides:<\/p>\n<p>APDC, Associaci\u00f3 de Professionals de la Dansa de Catalunya<br \/>\nTeatre Principal d&#8217;Olot<br \/>\nTeatre Fortuny de Reus<br \/>\nTeatre Monumental de Matar\u00f3<br \/>\nTeatre Kursaal de Manresa<br \/>\nTeatre l\u2019Atl\u00e0ntida de Vic<br \/>\nTeatre de la Llotja de Lleida<br \/>\nAtrium Viladecans<br \/>\nTeatre Joventut de L&#8217;Hospitalet de Llobregat<br \/>\nTeatre Principal de Vilanova i la Geltr\u00fa<br \/>\nTeatre Zorrilla de Badalona<br \/>\nTeatre Auditori Felip Pedrell de Tortosa<br \/>\nTeatre\u2013Auditori Sant Cugat del Vall\u00e8s<br \/>\nTeatre Josep Maria de Sagarra de Santa Coloma de Gramenet<br \/>\nTeatre Municipal El Jard\u00ed de Figueres<br \/>\nTeatre Alegria de Terrassa<br \/>\nTeatre Municipal de Girona<br \/>\nTeatre Auditori de Granollers<br \/>\nTeatre Principal de Sabadell<\/p>\n","protected":false},"excerpt":{"rendered":"<p>Davant dels fets succe\u00efts en les darreres hores a Catalunya [&hellip;]<\/p>\n","protected":false},"author":1,"featured_media":0,"comment_status":"open","ping_status":"open","sticky":false,"template":"","format":"standard","meta":[],"categories":[3],"tags":[],"_links":{"self":[{"href":"https:\/\/old.mercatflors.cat\/en\/wp-json\/wp\/v2\/posts\/22391\/"}],"collection":[{"href":"https:\/\/old.mercatflors.cat\/en\/wp-json\/wp\/v2\/posts\/"}],"about":[{"href":"https:\/\/old.mercatflors.cat\/en\/wp-json\/wp\/v2\/types\/post\/"}],"author":[{"embeddable":true,"href":"https:\/\/old.mercatflors.cat\/en\/wp-json\/wp\/v2\/users\/1\/"}],"replies":[{"embeddable":true,"href":"https:\/\/old.mercatflors.cat\/en\/wp-json\/wp\/v2\/comments\/?post=22391"}],"version-history":[{"count":0,"href":"https:\/\/old.mercatflors.cat\/en\/wp-json\/wp\/v2\/posts\/22391\/revisions\/"}],"wp:attachment":[{"href":"https:\/\/old.mercatflors.cat\/en\/wp-json\/wp\/v2\/media\/?parent=22391"}],"wp:term":[{"taxonomy":"category","embeddable":true,"href":"https:\/\/old.mercatflors.cat\/en\/wp-json\/wp\/v2\/categories\/?post=22391"},{"taxonomy":"post_tag","embeddable":true,"href":"https:\/\/old.mercatflors.cat\/en\/wp-json\/wp\/v2\/tags\/?post=22391"}],"curies":[{"name":"wp","href":"https:\/\/api.w.org\/{rel}","templated":true}]}}