{"id":10049,"date":"2014-02-25T12:42:00","date_gmt":"2014-02-25T11:42:00","guid":{"rendered":"https:\/\/old.mercatflors.cat\/?p=10049"},"modified":"2014-04-09T11:23:26","modified_gmt":"2014-04-09T10:23:26","slug":"nueva-edicion-del-mov-s","status":"publish","type":"post","link":"https:\/\/old.mercatflors.cat\/es\/actualidad\/nueva-edicion-del-mov-s\/","title":{"rendered":"Nueva edici\u00f3n del MOV-S"},"content":{"rendered":"<p>Arranca la quinta edici\u00f3n de MOV-s, una iniciativa del Mercat de les Flors que tiene como objetivo construir puentes de uni\u00f3n entre artistas y organizaciones de danza y las artes de movimiento con la finalidad de establecer v\u00edas naturales de encuentro y colaboraci\u00f3n.<\/p>\n<p>En esta ocasi\u00f3n, se propone como un proyecto n\u00f3mada de acci\u00f3n colectiva que se desarrollar\u00e1 en un per\u00edodo de dos a\u00f1os a trav\u00e9s de varios territorios iberoamericanos en una serie de seminarios vinculados a festivales locales en los que se abordar\u00e1 el tema de la &#8220;Articulaci\u00f3n&#8221;.<\/p>\n<p>La primera parada en el recorrido es un seminario cerrado que tendr\u00e1 lugar en Galicia del 11 al 13 de marzo de 2014 y que es resultado de un proceso de curador\u00eda colectiva en el que participaron una veintena de agentes del territorio. El objectivo de dicho seminario, que coincide con la celebraci\u00f3n del festival ALT de Vigo, es activar un espacio de juego en el que afloren nuevas relaciones a partir de afinidades, en el que pensar colectivamente sobre la articulaci\u00f3n con los contextos, las comunidades, las instituciones, las infraestructuras, las tecnolog\u00edas y los medios de comunicaci\u00f3n.<\/p>\n<p>MOV-S continuar\u00e1 su trayecto con un encuentro en Bilbao, entre el 30 de mayo y el 1 de junio, en el marco del Encuentro de Nuevas Formas Esc\u00e9nicas 3, 2 1 de Alh\u00f3ndiga Bilbao.<\/p>\n<p>M\u00e1s informaci\u00f3n en <span style=\"text-decoration: underline; color: #0000ff;\"><span style=\"text-decoration: underline;\"><a href=\"http:\/\/www.mov-s.org\" target=\"_blank\"><span style=\"text-decoration: underline; color: #0000ff;\">www.mov-s.org<\/span><\/a><\/span><\/span><\/p>\n","protected":false},"excerpt":{"rendered":"<p>Arranca la quinta edici\u00f3n de MOV-s, una iniciativa del Mercat [&hellip;]<\/p>\n","protected":false},"author":1,"featured_media":0,"comment_status":"open","ping_status":"open","sticky":false,"template":"","format":"standard","meta":[],"categories":[16],"tags":[],"_links":{"self":[{"href":"https:\/\/old.mercatflors.cat\/es\/wp-json\/wp\/v2\/posts\/10049\/"}],"collection":[{"href":"https:\/\/old.mercatflors.cat\/es\/wp-json\/wp\/v2\/posts\/"}],"about":[{"href":"https:\/\/old.mercatflors.cat\/es\/wp-json\/wp\/v2\/types\/post\/"}],"author":[{"embeddable":true,"href":"https:\/\/old.mercatflors.cat\/es\/wp-json\/wp\/v2\/users\/1\/"}],"replies":[{"embeddable":true,"href":"https:\/\/old.mercatflors.cat\/es\/wp-json\/wp\/v2\/comments\/?post=10049"}],"version-history":[{"count":0,"href":"https:\/\/old.mercatflors.cat\/es\/wp-json\/wp\/v2\/posts\/10049\/revisions\/"}],"wp:attachment":[{"href":"https:\/\/old.mercatflors.cat\/es\/wp-json\/wp\/v2\/media\/?parent=10049"}],"wp:term":[{"taxonomy":"category","embeddable":true,"href":"https:\/\/old.mercatflors.cat\/es\/wp-json\/wp\/v2\/categories\/?post=10049"},{"taxonomy":"post_tag","embeddable":true,"href":"https:\/\/old.mercatflors.cat\/es\/wp-json\/wp\/v2\/tags\/?post=10049"}],"curies":[{"name":"wp","href":"https:\/\/api.w.org\/{rel}","templated":true}]}}