{"id":10531,"date":"2014-04-09T11:21:36","date_gmt":"2014-04-09T10:21:36","guid":{"rendered":"https:\/\/old.mercatflors.cat\/?p=10531"},"modified":"2014-06-02T12:27:33","modified_gmt":"2014-06-02T11:27:33","slug":"segundo-encuentro-mov-s-bilbao-del-26-al-31-de-mayo","status":"publish","type":"post","link":"https:\/\/old.mercatflors.cat\/es\/actualidad\/segundo-encuentro-mov-s-bilbao-del-26-al-31-de-mayo\/","title":{"rendered":"Segundo encuentro MOV-S: Bilbao del 26 al 31 de mayo"},"content":{"rendered":"<p>Despu\u00e9s del primer seminario MOV-S que tuvo lugar en Galicia el pasado mes de marzo, MOV-S contin\u00faa con su proceso itinerante con un encuentro que tendr\u00e1 lugar en Bilbao del 26 al 31 de mayo.<\/p>\n<p>La programaci\u00f3n, que sigue abordando el tema de la articulaci\u00f3n y pretende ofrecer herramientas para facilitar el desarrollo de Programaciones Expandidas y generar un espacio para la visibilidad internacional de los artistas, incluye dos tallers, tres plataformas de trabajo comunitario, presentaciones de proyectos y diversas iniciativas de acercamiento entre los artistas locales y los asistentes.<\/p>\n<p>Alh\u00f3ndigaBilbao acoger\u00e1 las actividades coincidiendo con la celebraci\u00f3n del Encuentro de Nuevas Formas Esc\u00e9nicas 3, 2, 1.<\/p>\n<p>M\u00e1s informaci\u00f3n: <a href=\"http:\/\/www.mov-s.org\" target=\"_blank\">www.mov-s.org<\/a><\/p>\n","protected":false},"excerpt":{"rendered":"<p>Despu\u00e9s del primer seminario MOV-S que tuvo lugar en Galicia [&hellip;]<\/p>\n","protected":false},"author":1,"featured_media":0,"comment_status":"open","ping_status":"open","sticky":false,"template":"","format":"standard","meta":[],"categories":[16],"tags":[],"_links":{"self":[{"href":"https:\/\/old.mercatflors.cat\/es\/wp-json\/wp\/v2\/posts\/10531\/"}],"collection":[{"href":"https:\/\/old.mercatflors.cat\/es\/wp-json\/wp\/v2\/posts\/"}],"about":[{"href":"https:\/\/old.mercatflors.cat\/es\/wp-json\/wp\/v2\/types\/post\/"}],"author":[{"embeddable":true,"href":"https:\/\/old.mercatflors.cat\/es\/wp-json\/wp\/v2\/users\/1\/"}],"replies":[{"embeddable":true,"href":"https:\/\/old.mercatflors.cat\/es\/wp-json\/wp\/v2\/comments\/?post=10531"}],"version-history":[{"count":0,"href":"https:\/\/old.mercatflors.cat\/es\/wp-json\/wp\/v2\/posts\/10531\/revisions\/"}],"wp:attachment":[{"href":"https:\/\/old.mercatflors.cat\/es\/wp-json\/wp\/v2\/media\/?parent=10531"}],"wp:term":[{"taxonomy":"category","embeddable":true,"href":"https:\/\/old.mercatflors.cat\/es\/wp-json\/wp\/v2\/categories\/?post=10531"},{"taxonomy":"post_tag","embeddable":true,"href":"https:\/\/old.mercatflors.cat\/es\/wp-json\/wp\/v2\/tags\/?post=10531"}],"curies":[{"name":"wp","href":"https:\/\/api.w.org\/{rel}","templated":true}]}}