{"id":10692,"date":"2014-04-28T12:13:37","date_gmt":"2014-04-28T11:13:37","guid":{"rendered":"https:\/\/old.mercatflors.cat\/?p=10692"},"modified":"2014-06-03T13:30:18","modified_gmt":"2014-06-03T12:30:18","slug":"nueva-edicion-de-la-danza-no-da-miedo-en-las-bibliotecas","status":"publish","type":"post","link":"https:\/\/old.mercatflors.cat\/es\/actualidad\/nueva-edicion-de-la-danza-no-da-miedo-en-las-bibliotecas\/","title":{"rendered":"Nueva edici\u00f3n de \u2018La danza no da miedo\u2019 en las Bibliotecas"},"content":{"rendered":"<p><strong><em>\u00bfC\u00f3mo bail\u00e1bamos antes de los setenta?<\/em><\/strong><\/p>\n<p>Llegamos a la quinta edici\u00f3n de este ciclo de danza en las bibliotecas de Barcelona, organizado con el Mercat de les Flors y conducido por el bailar\u00edn y performer Toni Jodar, de BdDANSA.<\/p>\n<p>En esta ocasi\u00f3n, relatar\u00e1 e ilustrar\u00e1 con su propio cuerpo c\u00f3mo se bailaba antes de los setenta. Y lo pondr\u00e1 en relaci\u00f3n y en contexto con los movimientos europeos y mundiales y con los acontecimientos de la \u00e9poca, desde la inauguraci\u00f3n del Gran Teatro del Liceo, la vida en el Paralelo de Barcelona o los caf\u00e9s flamencos hasta el nacimiento de las agrupaciones de danza populares. Tambi\u00e9n har\u00e1 referencia a bailarines como T\u00f3rtola Valencia, Joan Magriny\u00e0 y Carmen Amaya.<\/p>\n<p>Historias de danza para conocer mejor c\u00f3mo nos mov\u00edamos.<\/p>\n<p>Lunes 5 de mayo, 19 h: <a href=\"http:\/\/www.bcn.cat\/bibviladegracia\">B. Vila de Gr\u00e0cia<\/a><br \/>\nMi\u00e9rcoles 7 de mayo, 19 h: <a href=\"http:\/\/www.bcn.cat\/bibgotic\">B. G\u00f2tic-Andreu Nin <\/a><br \/>\nMi\u00e9rcoles 14 de mayo, 19 h: <a href=\"http:\/\/www.bcn.cat\/bibfrancescboix\">B. Poble-sec\u2013Francesc Boix <\/a><br \/>\nMartes 20 de mayo, 19 h: <a href=\"http:\/\/www.bcn.cat\/bibpoblenou\">B. Poblenou-Manuel Arranz <\/a><br \/>\nJueves 29 de mayo, 19 h: <a href=\"http:\/\/www.bcn.cat\/bibcampdelarpa\">B. Camp de l&#8217;Arpa-Caterina Albert<\/a><br \/>\nLunes 2 de junio, 19 h: <a href=\"http:\/\/www.bcn.cat\/bibelclot\">B. El Clot-Josep Benet <\/a><\/p>\n<p>Coorganiza <a href=\"https:\/\/old.mercatflors.cat\/\">Mercat de les Flors<\/a><br \/>\nColaboran <a href=\"http:\/\/explicadansa.com\/bddansa\/\">BD Dansa<\/a>, <a href=\"http:\/\/www20.gencat.cat\/portal\/site\/CulturaDepartament\/menuitem.a698cbe5a26e56a65a2a63a7b0c0e1a0\/?vgnextoid=04e6923f01369010VgnVCM1000000b0c1e0aRCRD&amp;vgnextchannel=04e6923f01369010VgnVCM1000000b0c1e0aRCRD\">Generalitat de Catalunya. Departament de Cultura<\/a><\/p>\n","protected":false},"excerpt":{"rendered":"<p>\u00bfC\u00f3mo bail\u00e1bamos antes de los setenta? Llegamos a la quinta [&hellip;]<\/p>\n","protected":false},"author":1,"featured_media":0,"comment_status":"open","ping_status":"open","sticky":false,"template":"","format":"standard","meta":[],"categories":[16],"tags":[],"_links":{"self":[{"href":"https:\/\/old.mercatflors.cat\/es\/wp-json\/wp\/v2\/posts\/10692\/"}],"collection":[{"href":"https:\/\/old.mercatflors.cat\/es\/wp-json\/wp\/v2\/posts\/"}],"about":[{"href":"https:\/\/old.mercatflors.cat\/es\/wp-json\/wp\/v2\/types\/post\/"}],"author":[{"embeddable":true,"href":"https:\/\/old.mercatflors.cat\/es\/wp-json\/wp\/v2\/users\/1\/"}],"replies":[{"embeddable":true,"href":"https:\/\/old.mercatflors.cat\/es\/wp-json\/wp\/v2\/comments\/?post=10692"}],"version-history":[{"count":0,"href":"https:\/\/old.mercatflors.cat\/es\/wp-json\/wp\/v2\/posts\/10692\/revisions\/"}],"wp:attachment":[{"href":"https:\/\/old.mercatflors.cat\/es\/wp-json\/wp\/v2\/media\/?parent=10692"}],"wp:term":[{"taxonomy":"category","embeddable":true,"href":"https:\/\/old.mercatflors.cat\/es\/wp-json\/wp\/v2\/categories\/?post=10692"},{"taxonomy":"post_tag","embeddable":true,"href":"https:\/\/old.mercatflors.cat\/es\/wp-json\/wp\/v2\/tags\/?post=10692"}],"curies":[{"name":"wp","href":"https:\/\/api.w.org\/{rel}","templated":true}]}}