{"id":10715,"date":"2014-04-30T14:59:04","date_gmt":"2014-04-30T13:59:04","guid":{"rendered":"https:\/\/old.mercatflors.cat\/?p=10715"},"modified":"2014-06-03T13:29:32","modified_gmt":"2014-06-03T12:29:32","slug":"el-director-del-mercat-de-les-flors-asiste-a-la-reunion-regional-de-politicas-publicas-para-la-danza-de-america-del-sur","status":"publish","type":"post","link":"https:\/\/old.mercatflors.cat\/es\/actualidad\/el-director-del-mercat-de-les-flors-asiste-a-la-reunion-regional-de-politicas-publicas-para-la-danza-de-america-del-sur\/","title":{"rendered":"El director del Mercat de les Flors asiste a la &#8216;Reuni\u00f3n Regional de Pol\u00edticas P\u00fablicas para la Danza&#8217; de Am\u00e9rica del Sur"},"content":{"rendered":"<p>Este mes de mayo Francesc Casades\u00fas participar\u00e1 en la &#8216;Reuni\u00f3n Regional de Pol\u00edticas P\u00fablicas para la Danza&#8217; de Am\u00e9rica del Sur, encuentro de profesionales gestores de la danza de diferentes pa\u00edses iberoamericanos, en calidad de presidente de la Red Europea de las Casas de la Danza. Tambi\u00e9n asistir\u00e1 Cristina Alonso, directora de la f\u00e1brica de creaci\u00f3n Graner, gestionada por el Mercat de les Flors.<\/p>\n<p>Este encuentro ha sido promovido por el Ministerio de Cultura de Uruguay a trav\u00e9s del Instituto Nacional de las Artes Esc\u00e9nicas y la Red Suramericana de Danza.<\/p>\n<p>Representantes de diez pa\u00edses dar\u00e1n a conocer las \u00a0pol\u00edticas y programas para la danza desde cada uno de los contextos, para dar paso a una serie de reuniones planificadas los d\u00edas 3 y 4 de mayo con la finalidad de dise\u00f1ar l\u00edneas de cooperaci\u00f3n. Esta reuni\u00f3n tiene como objetivo fortalecer objetivos comunes en materia de investigaci\u00f3n, creaci\u00f3n, promoci\u00f3n, movilidad y visibilidad de la danza iberoamericana.<\/p>\n<p>Los pa\u00edses participantes son Venezuela, Colombia, M\u00e9xico, Brasil, Per\u00fa, Chile, Ecuador, Argentina, Uruguay y Espa\u00f1a.<\/p>\n<p><a href=\"http:\/\/www.movimiento.org\/\" target=\"_blank\"><span style=\"color: #3366ff;\"><strong>M\u00e1s info<\/strong><\/span><\/a><\/p>\n<p>&nbsp;<\/p>\n","protected":false},"excerpt":{"rendered":"<p>Este mes de mayo Francesc Casades\u00fas participar\u00e1 en la &#8216;Reuni\u00f3n [&hellip;]<\/p>\n","protected":false},"author":1,"featured_media":0,"comment_status":"open","ping_status":"open","sticky":false,"template":"","format":"standard","meta":[],"categories":[16],"tags":[],"_links":{"self":[{"href":"https:\/\/old.mercatflors.cat\/es\/wp-json\/wp\/v2\/posts\/10715\/"}],"collection":[{"href":"https:\/\/old.mercatflors.cat\/es\/wp-json\/wp\/v2\/posts\/"}],"about":[{"href":"https:\/\/old.mercatflors.cat\/es\/wp-json\/wp\/v2\/types\/post\/"}],"author":[{"embeddable":true,"href":"https:\/\/old.mercatflors.cat\/es\/wp-json\/wp\/v2\/users\/1\/"}],"replies":[{"embeddable":true,"href":"https:\/\/old.mercatflors.cat\/es\/wp-json\/wp\/v2\/comments\/?post=10715"}],"version-history":[{"count":0,"href":"https:\/\/old.mercatflors.cat\/es\/wp-json\/wp\/v2\/posts\/10715\/revisions\/"}],"wp:attachment":[{"href":"https:\/\/old.mercatflors.cat\/es\/wp-json\/wp\/v2\/media\/?parent=10715"}],"wp:term":[{"taxonomy":"category","embeddable":true,"href":"https:\/\/old.mercatflors.cat\/es\/wp-json\/wp\/v2\/categories\/?post=10715"},{"taxonomy":"post_tag","embeddable":true,"href":"https:\/\/old.mercatflors.cat\/es\/wp-json\/wp\/v2\/tags\/?post=10715"}],"curies":[{"name":"wp","href":"https:\/\/api.w.org\/{rel}","templated":true}]}}