{"id":10783,"date":"2014-05-07T15:02:33","date_gmt":"2014-05-07T14:02:33","guid":{"rendered":"https:\/\/old.mercatflors.cat\/?p=10783"},"modified":"2014-06-26T11:32:55","modified_gmt":"2014-06-26T10:32:55","slug":"seleccionados-los-creadores-para-interpolacion-1-un-nuevo-proyecto-internacional-iniciado-por-el-graner","status":"publish","type":"post","link":"https:\/\/old.mercatflors.cat\/es\/actualidad\/seleccionados-los-creadores-para-interpolacion-1-un-nuevo-proyecto-internacional-iniciado-por-el-graner\/","title":{"rendered":"Seleccionados los creadores para INTERPOLACI\u00d3N #1, nuevo proyecto internacional iniciado por el Graner"},"content":{"rendered":"<p><strong>El <a href=\"http:\/\/granerbcn.cat\" target=\"_blank\">Graner<\/a>, con el apoyo de <span style=\"text-decoration: underline; color: #0000ff;\"><a href=\"http:\/\/www.iberescena.org\/\" target=\"_blank\"><span style=\"color: #0000ff; text-decoration: underline;\">Iberescena<\/span><\/a><\/span> (Programa de Residencias Iberescena 2014) y el Mercat de les Flors inicia Interpolaci\u00f3n #1, un nuevo proyecto internacional bajo el paraguas de la publicaci\u00f3n Ojo y del proyecto Observatorio Transregional.<\/strong><\/p>\n<p><strong>Interpolaci\u00f3n #1<\/strong> es un encuentro de di\u00e1logo que pretende llamar la atenci\u00f3n sobre la coincidencia o no de las pr\u00e1cticas art\u00edsticas entre creadores de diferentes contextos, a partir del concepto y definici\u00f3n de interpolaci\u00f3n, entendida como la acci\u00f3n de obtener nuevos puntos partiendo del conocimiento conjunto discreto de puntos, entendiendo la persona como un punto y el conjunto como la suma de personas.<\/p>\n<p>Interpolaci\u00f3 #1 es un encuentro de di\u00e1logo libre sin marco entre 5 personas que se desconocen para ver qu\u00e9 interpolaciones de pensamiento art\u00edstico generan entre ellas.<\/p>\n<p>En esta primera edici\u00f3n del proyecto los paa\u00edses y las creadoras implicadas son: <strong>Tania Solomonoff<\/strong> (Argentina-M\u00e9xico), <strong>Ayala Hern\u00e1ndez<\/strong> (Uruguay), <strong>Patrica Caballero<\/strong> (Espa\u00f1a), <strong>Cl\u00e1udia M\u00fcller<\/strong> (Brasil), <strong>B\u00e1rbara Pinto<\/strong> (Chile).<\/p>\n<p>Todas ellas trabajar\u00e1n una semana conjuntamente y dos semanas a t\u00edtulo individual en el <span style=\"text-decoration: underline; color: #0000ff;\"><a href=\"http:\/\/granerbcn.cat\" target=\"_blank\"><span style=\"color: #0000ff; text-decoration: underline;\">Graner<\/span><\/a><\/span> durante el oto\u00f1o de 2014<\/p>\n<p>Toda la info sobre el proyecto en <span style=\"text-decoration: underline; color: #0000ff;\"><a href=\"http:\/\/granerbcn.cat\/wp-content\/uploads\/PROYECTO-INTERPOLACI%C3%93N-1.pdf\"><span style=\"color: #0000ff;\">INTERPOLACI\u00d3N 1<\/span><\/a><\/span><\/p>\n<p><img decoding=\"async\" loading=\"lazy\" class=\"alignleft size-full wp-image-10781\" alt=\"interpolacion\" src=\"https:\/\/old.mercatflors.cat\/wp-content\/uploads\/2014\/05\/interpolacion.jpg\" width=\"350\" height=\"200\" srcset=\"https:\/\/old.mercatflors.cat\/wp-content\/uploads\/2014\/05\/interpolacion.jpg 350w, https:\/\/old.mercatflors.cat\/wp-content\/uploads\/2014\/05\/interpolacion-223x127.jpg 223w\" sizes=\"(max-width: 350px) 100vw, 350px\" \/><\/p>\n","protected":false},"excerpt":{"rendered":"<p>El Graner, con el apoyo de Iberescena (Programa de Residencias [&hellip;]<\/p>\n","protected":false},"author":1,"featured_media":0,"comment_status":"open","ping_status":"open","sticky":false,"template":"","format":"standard","meta":[],"categories":[16],"tags":[],"_links":{"self":[{"href":"https:\/\/old.mercatflors.cat\/es\/wp-json\/wp\/v2\/posts\/10783\/"}],"collection":[{"href":"https:\/\/old.mercatflors.cat\/es\/wp-json\/wp\/v2\/posts\/"}],"about":[{"href":"https:\/\/old.mercatflors.cat\/es\/wp-json\/wp\/v2\/types\/post\/"}],"author":[{"embeddable":true,"href":"https:\/\/old.mercatflors.cat\/es\/wp-json\/wp\/v2\/users\/1\/"}],"replies":[{"embeddable":true,"href":"https:\/\/old.mercatflors.cat\/es\/wp-json\/wp\/v2\/comments\/?post=10783"}],"version-history":[{"count":0,"href":"https:\/\/old.mercatflors.cat\/es\/wp-json\/wp\/v2\/posts\/10783\/revisions\/"}],"wp:attachment":[{"href":"https:\/\/old.mercatflors.cat\/es\/wp-json\/wp\/v2\/media\/?parent=10783"}],"wp:term":[{"taxonomy":"category","embeddable":true,"href":"https:\/\/old.mercatflors.cat\/es\/wp-json\/wp\/v2\/categories\/?post=10783"},{"taxonomy":"post_tag","embeddable":true,"href":"https:\/\/old.mercatflors.cat\/es\/wp-json\/wp\/v2\/tags\/?post=10783"}],"curies":[{"name":"wp","href":"https:\/\/api.w.org\/{rel}","templated":true}]}}