{"id":11308,"date":"2014-06-20T14:39:10","date_gmt":"2014-06-20T13:39:10","guid":{"rendered":"https:\/\/old.mercatflors.cat\/?p=11308"},"modified":"2014-08-02T11:55:58","modified_gmt":"2014-08-02T10:55:58","slug":"abiertas-las-inscripciones-para-el-creamedia-2014","status":"publish","type":"post","link":"https:\/\/old.mercatflors.cat\/es\/actualidad\/abiertas-las-inscripciones-para-el-creamedia-2014\/","title":{"rendered":"Abiertas las inscripciones para el CreaMedia 2014"},"content":{"rendered":"<p><strong>Se trata de un programa de apoyo a la creaci\u00f3n de empresas en el \u00e1mbito de las industrias creativas y culturales, donde las artes esc\u00e9nicas juegan un papel relevante<\/strong><\/p>\n<p>Despu\u00e9s del \u00e9xito del a\u00f1o pasado, llega la 2\u00aa edici\u00f3n del programa CreaMedia, promovido por Barcelona Activa, y que est\u00e1 enfocado con la voluntad de convertirse en un programa conocedor de las nuevas tendencias y las necesidades del sector de las industrias creativas<\/p>\n<p><img decoding=\"async\" loading=\"lazy\" class=\"alignleft size-full wp-image-7106\" alt=\"creamedia\" src=\"https:\/\/old.mercatflors.cat\/wp-content\/uploads\/2013\/06\/creamedia.jpg\" width=\"350\" height=\"200\" \/><strong><\/strong><\/p>\n<p>El programa tendr\u00e1 una duraci\u00f3n de 3 meses (setiembre a noviembre de 2014) con un total de 66 horas de formaci\u00f3n y con un horario de lunes a mi\u00e9rcoles de 18h a 21h.<\/p>\n<p><strong>Sectores:<\/strong> <b><br \/>\n<\/b>artes esc\u00e9nicas y espect\u00e1culo (danza, teatro y circo)<br \/>\ndise\u00f1o gr\u00e1fico, de moda, de productos y de espacio<br \/>\ngesti\u00f3n de actividades culturales<br \/>\nanimaci\u00f3n, servicios y contenidos web,<br \/>\nindustria musical,<br \/>\nvideojuegos y animaci\u00f3n,<br \/>\nproducci\u00f3n audiovisual, cine, radio, publicidad, v\u00eddeo, fotograf\u00eda, televisi\u00f3n<br \/>\nedici\u00f3n de libro, prensa y actividad editoriales<br \/>\nartes gr\u00e1ficas<br \/>\nartes visuales (exposiciones, galer\u00edas de arte)<\/p>\n<p>Toda la<strong> informaci\u00f3n, contenidos e inscripciones<\/strong> las pod\u00e9is encontrar en <span style=\"text-decoration: underline; color: #0000ff;\"><a href=\"http:\/\/www.barcelonanetactiva.com\/barcelonanetactiva\/cat\/creacio-d-empreses\/programes-a-mida\/creamedia.jsp\" target=\"_blank\"><span style=\"color: #0000ff; text-decoration: underline;\">la web de Barcelona Empresa<\/span><\/a><\/span><\/p>\n<p>Fecha l\u00edmite para presentar la solicitud: <strong>27 de Julio de 2014<\/strong><\/p>\n","protected":false},"excerpt":{"rendered":"<p>Se trata de un programa de apoyo a la creaci\u00f3n [&hellip;]<\/p>\n","protected":false},"author":1,"featured_media":0,"comment_status":"open","ping_status":"open","sticky":false,"template":"","format":"standard","meta":[],"categories":[16],"tags":[],"_links":{"self":[{"href":"https:\/\/old.mercatflors.cat\/es\/wp-json\/wp\/v2\/posts\/11308\/"}],"collection":[{"href":"https:\/\/old.mercatflors.cat\/es\/wp-json\/wp\/v2\/posts\/"}],"about":[{"href":"https:\/\/old.mercatflors.cat\/es\/wp-json\/wp\/v2\/types\/post\/"}],"author":[{"embeddable":true,"href":"https:\/\/old.mercatflors.cat\/es\/wp-json\/wp\/v2\/users\/1\/"}],"replies":[{"embeddable":true,"href":"https:\/\/old.mercatflors.cat\/es\/wp-json\/wp\/v2\/comments\/?post=11308"}],"version-history":[{"count":0,"href":"https:\/\/old.mercatflors.cat\/es\/wp-json\/wp\/v2\/posts\/11308\/revisions\/"}],"wp:attachment":[{"href":"https:\/\/old.mercatflors.cat\/es\/wp-json\/wp\/v2\/media\/?parent=11308"}],"wp:term":[{"taxonomy":"category","embeddable":true,"href":"https:\/\/old.mercatflors.cat\/es\/wp-json\/wp\/v2\/categories\/?post=11308"},{"taxonomy":"post_tag","embeddable":true,"href":"https:\/\/old.mercatflors.cat\/es\/wp-json\/wp\/v2\/tags\/?post=11308"}],"curies":[{"name":"wp","href":"https:\/\/api.w.org\/{rel}","templated":true}]}}