{"id":11908,"date":"2014-09-04T10:17:52","date_gmt":"2014-09-04T09:17:52","guid":{"rendered":"https:\/\/old.mercatflors.cat\/?p=11908"},"modified":"2014-11-24T15:41:18","modified_gmt":"2014-11-24T14:41:18","slug":"2a-convocatoria-de-residencias-graner-2015","status":"publish","type":"post","link":"https:\/\/old.mercatflors.cat\/es\/actualidad\/2a-convocatoria-de-residencias-graner-2015\/","title":{"rendered":"2a convocatoria de Residencias GRANER 2015"},"content":{"rendered":"<p><img decoding=\"async\" loading=\"lazy\" title=\"2a convocat\u00f2ria de Resid\u00e8ncies GRANER 2015 (Foto Aida Vargas)\" src=\"http:\/\/granerbcn.cat\/wp-content\/uploads\/Captura-de-pantalla-2014-08-29-a-las-18.46.58.png\" alt=\"2a convocat\u00f2ria de Resid\u00e8ncies GRANER 2015 (Foto Aida Vargas)\" width=\"294\" height=\"196\" \/><\/p>\n<p><a href=\"http:\/\/granerbcn.cat\/\" target=\"_blank\"><span style=\"text-decoration: underline; color: #0000ff;\">El Graner<\/span><\/a> abre la segunda y \u00faltima convocatoria de residencias para proyectos de investigaci\u00f3n y creaci\u00f3n vinculados al lenguaje del cuerpo y el movimiento para que sean desarrollados en 2015. El per\u00edodo de solicitud ser\u00e1 de un m\u00ednimo de una semana y un m\u00e1ximo de 12 semanas. La convocatoria, dirigida a personas f\u00edsicas, colectivos, entidades sin \u00e1nimo de lucro y empresas a nivel internacional, est\u00e1 abierta hasta el 30 de setiembre. La resoluci\u00f3n de la convocatoria se comunicar\u00e1 el 3 de Noviembre a trav\u00e9s de las webs: <span style=\"text-decoration: underline; color: #0000ff;\"><a href=\"http:\/\/www.granerbcn.cat\/\"><span style=\"color: #0000ff; text-decoration: underline;\">www.granerbcn.cat<\/span><\/a><\/span>, <a href=\"http:\/\/www.mercatflors.cat\/\"><span style=\"text-decoration: underline; color: #0000ff;\">www.mercatflors.ca<\/span>t<\/a> y redes sociales.<\/p>\n<p><strong>Candidaturas\/Documentaci\u00f3n a presentar:<\/strong><\/p>\n<p>Las personas interesadas tendr\u00e1n que hacer llegar al Graner la siguiente documentaci\u00f3n:<\/p>\n<p>\u2022 Curr\u00edculum del artista o compa\u00f1\u00eda y links a una selecci\u00f3n de v\u00eddeos de tres trabajos de creaci\u00f3n.<\/p>\n<p>\u2022 Un breve escrito explicando la iniciativa y los ejes de trabajo, as\u00ed como especificar los implicados en el proyecto, colaboradores y agentes de los cuales recibe apoyo, si fuese el caso, sinopsis del curr\u00edculum de todos los participantes, calendario de trabajo y espacio a concursar (m\u00e1ximo 5 folios).<\/p>\n<p><strong>Cuotas de pago:<\/strong><\/p>\n<p>La cesi\u00f3n de espacio est\u00e1 sujeta a la facturaci\u00f3n de gastos indirectos de producci\u00f3n que se derivan de las residencias, cuyos importes se detallan a continuaci\u00f3n (IVA incluido):<\/p>\n<p>Sala G \/ 400 \u20ac mensuales<\/p>\n<p>Sala MT \/ 250\u20ac mensuales + (t\u00e9cnica + consumo \u2013 si el uso es de residencia t\u00e9cnica)<\/p>\n<p>Sala M \/ 250\u20ac mensuales<\/p>\n<p>Sala P \/ 100 \u20ac mensuales<\/p>\n<p>En el siguiente enlace encontrar\u00e1s m\u00e1s informaci\u00f3n sobre los espacios del Graner:<\/p>\n<p><span style=\"text-decoration: underline; color: #0000ff;\"><a href=\"http:\/\/granerbcn.cat\/es\/edificio-y-espacios\/\"><span style=\"color: #0000ff;\">http:\/\/granerbcn.cat\/es\/edificio-y-espacios\/<\/span><\/a><\/span><\/p>\n<p>Las solicitudes se enviar\u00e1n por correo electr\u00f3nico a <a href=\"mailto:info@granerbcn.cat\" target=\"_blank\"><span style=\"text-decoration: underline; color: #0000ff;\">info@granerbcn.cat<\/span><\/a><\/p>\n<p>Consulta toda la informaci\u00f3n aqu\u00ed: <span style=\"text-decoration: underline; color: #0000ff;\"><a href=\"http:\/\/granerbcn.cat\/wp-content\/uploads\/convo2015II.pdf\"><span style=\"color: #0000ff; text-decoration: underline;\">BASES CONVOCATORIA 2015<\/span><\/a><\/span><\/p>\n","protected":false},"excerpt":{"rendered":"<p>El Graner abre la segunda y \u00faltima convocatoria de residencias [&hellip;]<\/p>\n","protected":false},"author":1,"featured_media":0,"comment_status":"open","ping_status":"open","sticky":false,"template":"","format":"standard","meta":[],"categories":[16],"tags":[],"_links":{"self":[{"href":"https:\/\/old.mercatflors.cat\/es\/wp-json\/wp\/v2\/posts\/11908\/"}],"collection":[{"href":"https:\/\/old.mercatflors.cat\/es\/wp-json\/wp\/v2\/posts\/"}],"about":[{"href":"https:\/\/old.mercatflors.cat\/es\/wp-json\/wp\/v2\/types\/post\/"}],"author":[{"embeddable":true,"href":"https:\/\/old.mercatflors.cat\/es\/wp-json\/wp\/v2\/users\/1\/"}],"replies":[{"embeddable":true,"href":"https:\/\/old.mercatflors.cat\/es\/wp-json\/wp\/v2\/comments\/?post=11908"}],"version-history":[{"count":0,"href":"https:\/\/old.mercatflors.cat\/es\/wp-json\/wp\/v2\/posts\/11908\/revisions\/"}],"wp:attachment":[{"href":"https:\/\/old.mercatflors.cat\/es\/wp-json\/wp\/v2\/media\/?parent=11908"}],"wp:term":[{"taxonomy":"category","embeddable":true,"href":"https:\/\/old.mercatflors.cat\/es\/wp-json\/wp\/v2\/categories\/?post=11908"},{"taxonomy":"post_tag","embeddable":true,"href":"https:\/\/old.mercatflors.cat\/es\/wp-json\/wp\/v2\/tags\/?post=11908"}],"curies":[{"name":"wp","href":"https:\/\/api.w.org\/{rel}","templated":true}]}}