{"id":12627,"date":"2014-10-07T12:21:15","date_gmt":"2014-10-07T11:21:15","guid":{"rendered":"https:\/\/old.mercatflors.cat\/?p=12627"},"modified":"2015-02-23T11:51:54","modified_gmt":"2015-02-23T10:51:54","slug":"el-mercat-de-les-flors-adherido-por-segundo-ano-a-la-campana-de-cultura-escena-25","status":"publish","type":"post","link":"https:\/\/old.mercatflors.cat\/es\/actualidad\/el-mercat-de-les-flors-adherido-por-segundo-ano-a-la-campana-de-cultura-escena-25\/","title":{"rendered":"El Mercat de les Flors, adherido por segundo a\u00f1o a la campa\u00f1a de Cultura Escena 25"},"content":{"rendered":"<p><b>La iniciativa promueve la asistencia de los j\u00f3venes a los espect\u00e1culos<\/b><\/p>\n<p>Los j\u00f3venes de 18 a 25 a\u00f1os dispondr\u00e1n de una aportaci\u00f3n de 25 euros para asistir a espect\u00e1culos de artes esc\u00e9nicas o m\u00fasica en vivo durante los meses de octubre y noviembre. La campa\u00f1a permitir\u00e1 tambi\u00e9n dar a conocer entre los j\u00f3venes las programaciones estables de los equipamientos p\u00fablicos y privados.<\/p>\n<p>En la campa\u00f1a colaboran m\u00e1s de 70 teatros y salas de conciertos de Catalunya, que ofrecer\u00e1n miles de entradas destinadas al p\u00fablico entre 18 y 25 a\u00f1os. En total, 556.565 personas est\u00e1n en esta franja de edad en Catalunya, para quienes ya hay 16.800 entradas puestas a su disposici\u00f3n dentro de las condiciones de la campa\u00f1a. Esta cantidad se podr\u00e1 aumentar en el transcurso de la iniciativa en funci\u00f3n de la demanda.<\/p>\n<p>Escena 25 facilita una aportaci\u00f3n de 25 euros por joven para asistir a espect\u00e1culos de artes esc\u00e9nicas o m\u00fasica en vivo.\u00a0Para participar en Escena 25 los j\u00f3venes deben inscribirse en la plataforma <a href=\"http:\/\/www.escena25.cat\/\">www.escena25.cat<\/a>, donde deben seleccionar y\u00a0 reservar los espect\u00e1culos y los conciertos a los que quieran asistir para, posteriormente, recoger la entrada en la taquilla del equipamiento. Los inscritos pueden recomendar los espect\u00e1culos a un amigo (que deber\u00e1 tener tambi\u00e9n entre 18 y 25 a\u00f1os) para ir juntos.<\/p>\n<p>M\u00e1s info <a href=\"http:\/\/premsa.gencat.cat\/pres_fsvp\/AppJava\/notapremsavw\/detall.do?id=274923&amp;idioma=0&amp;departament=14&amp;canal=15\" target=\"_blank\"><strong>AQU\u00cd<\/strong><\/a><\/p>\n<p>&nbsp;<\/p>\n","protected":false},"excerpt":{"rendered":"<p>La iniciativa promueve la asistencia de los j\u00f3venes a los [&hellip;]<\/p>\n","protected":false},"author":1,"featured_media":0,"comment_status":"open","ping_status":"open","sticky":false,"template":"","format":"standard","meta":[],"categories":[16],"tags":[],"_links":{"self":[{"href":"https:\/\/old.mercatflors.cat\/es\/wp-json\/wp\/v2\/posts\/12627\/"}],"collection":[{"href":"https:\/\/old.mercatflors.cat\/es\/wp-json\/wp\/v2\/posts\/"}],"about":[{"href":"https:\/\/old.mercatflors.cat\/es\/wp-json\/wp\/v2\/types\/post\/"}],"author":[{"embeddable":true,"href":"https:\/\/old.mercatflors.cat\/es\/wp-json\/wp\/v2\/users\/1\/"}],"replies":[{"embeddable":true,"href":"https:\/\/old.mercatflors.cat\/es\/wp-json\/wp\/v2\/comments\/?post=12627"}],"version-history":[{"count":0,"href":"https:\/\/old.mercatflors.cat\/es\/wp-json\/wp\/v2\/posts\/12627\/revisions\/"}],"wp:attachment":[{"href":"https:\/\/old.mercatflors.cat\/es\/wp-json\/wp\/v2\/media\/?parent=12627"}],"wp:term":[{"taxonomy":"category","embeddable":true,"href":"https:\/\/old.mercatflors.cat\/es\/wp-json\/wp\/v2\/categories\/?post=12627"},{"taxonomy":"post_tag","embeddable":true,"href":"https:\/\/old.mercatflors.cat\/es\/wp-json\/wp\/v2\/tags\/?post=12627"}],"curies":[{"name":"wp","href":"https:\/\/api.w.org\/{rel}","templated":true}]}}