{"id":12724,"date":"2014-10-09T16:02:53","date_gmt":"2014-10-09T15:02:53","guid":{"rendered":"https:\/\/old.mercatflors.cat\/?p=12724"},"modified":"2014-10-28T13:43:34","modified_gmt":"2014-10-28T12:43:34","slug":"llega-a-barcelona-choreoscope-el-festival-internacional-de-films-de-danza","status":"publish","type":"post","link":"https:\/\/old.mercatflors.cat\/es\/actualidad\/llega-a-barcelona-choreoscope-el-festival-internacional-de-films-de-danza\/","title":{"rendered":"LLega a Barcelona ChoreoScope, el festival internacional de films de danza"},"content":{"rendered":"<p>Los pr\u00f3ximos 16 y 17 de octubre tendr\u00e1 lugar el festival ChoreoScope, una muestra que proyectar\u00e1 28 de los mejores cortometrajes de danza realizados en 15 pa\u00edses.<\/p>\n<p>Las proyecciones tendr\u00e1n lugar en los cines Mald\u00e0, y adem\u00e1s se han programado otras actividades, como conferencias.<\/p>\n<p>La sesi\u00f3n del 16 de octubre en el cine Mald\u00e0 ya tiene las entradas agotadas; para poder asistir a la sesi\u00f3n del 17 (entrada libre pero aforo limitado) es necesario inscribirse <a href=\"http:\/\/choreoscope.com\/entradas\/ \" target=\"_blank\"><strong>AQU\u00cd<\/strong><\/a>. El padrino de esta edici\u00f3n es el actor y director de cine Paco Le\u00f3n, y la embajadora es la bailarina catalana internacional Lali Ayguad\u00e9.<\/p>\n<p>M\u00e1s info <strong><a href=\"http:\/\/choreoscope.com\/festival\/\" target=\"_blank\">AQU\u00cd <\/a><\/strong><\/p>\n<p>Trailer <strong><a href=\"http:\/\/vimeo.com\/107763203\" target=\"_blank\">AQU\u00cd<\/a><\/strong><\/p>\n<p>ChoreoScope recibe el apoyo de <a href=\"http:\/\/www.dancefilms.org\/\" target=\"_blank\">Dance Films Association New York<\/a>, <a href=\"http:\/\/www.institutfrancais.ro\/\" target=\"_blank\">Institut Fran\u00e7ais<\/a>, <a href=\"http:\/\/www.international.gouv.qc.ca\/ca\/barcelone\" target=\"_blank\">Bureau du Qu\u00e9bec \u00e0 Barcelona<\/a>, <a href=\"http:\/\/www.bandeapart.org\/es_ES\/\" target=\"_blank\">Bande \u00e0 Part Escuela de Cine<\/a> y es una producci\u00f3n de <a href=\"http:\/\/janoslorand.com\/\">Lor\u00e1n Ipsum Films<\/a>, <a href=\"http:\/\/choreoscope.com\/equipo\/\">Choreoscope Team<\/a>, con la colaboraci\u00f3n de <a href=\"http:\/\/www.agenciajaimito.com\/\">Agencia Jaimito<\/a> (publicidad), <a href=\"https:\/\/www.kinokistudio.com\/\">Kinoki Studio<\/a> (fotograf\u00eda profesional) y <a href=\"http:\/\/bcnmes.com\/\">BcnM\u00e9s <\/a>(media partner).<\/p>\n","protected":false},"excerpt":{"rendered":"<p>Los pr\u00f3ximos 16 y 17 de octubre tendr\u00e1 lugar el [&hellip;]<\/p>\n","protected":false},"author":1,"featured_media":0,"comment_status":"open","ping_status":"open","sticky":false,"template":"","format":"standard","meta":[],"categories":[16],"tags":[],"_links":{"self":[{"href":"https:\/\/old.mercatflors.cat\/es\/wp-json\/wp\/v2\/posts\/12724\/"}],"collection":[{"href":"https:\/\/old.mercatflors.cat\/es\/wp-json\/wp\/v2\/posts\/"}],"about":[{"href":"https:\/\/old.mercatflors.cat\/es\/wp-json\/wp\/v2\/types\/post\/"}],"author":[{"embeddable":true,"href":"https:\/\/old.mercatflors.cat\/es\/wp-json\/wp\/v2\/users\/1\/"}],"replies":[{"embeddable":true,"href":"https:\/\/old.mercatflors.cat\/es\/wp-json\/wp\/v2\/comments\/?post=12724"}],"version-history":[{"count":0,"href":"https:\/\/old.mercatflors.cat\/es\/wp-json\/wp\/v2\/posts\/12724\/revisions\/"}],"wp:attachment":[{"href":"https:\/\/old.mercatflors.cat\/es\/wp-json\/wp\/v2\/media\/?parent=12724"}],"wp:term":[{"taxonomy":"category","embeddable":true,"href":"https:\/\/old.mercatflors.cat\/es\/wp-json\/wp\/v2\/categories\/?post=12724"},{"taxonomy":"post_tag","embeddable":true,"href":"https:\/\/old.mercatflors.cat\/es\/wp-json\/wp\/v2\/tags\/?post=12724"}],"curies":[{"name":"wp","href":"https:\/\/api.w.org\/{rel}","templated":true}]}}