{"id":12814,"date":"2014-10-10T09:53:12","date_gmt":"2014-10-10T08:53:12","guid":{"rendered":"https:\/\/old.mercatflors.cat\/?p=12814"},"modified":"2014-12-02T12:13:30","modified_gmt":"2014-12-02T11:13:30","slug":"nueva-edicion-del-ciclo-dansa-ara-en-la-pedrera","status":"publish","type":"post","link":"https:\/\/old.mercatflors.cat\/es\/actualidad\/nueva-edicion-del-ciclo-dansa-ara-en-la-pedrera\/","title":{"rendered":"Nueva edici\u00f3n del ciclo Dansa ara en La Pedrera"},"content":{"rendered":"<p><img decoding=\"async\" loading=\"lazy\" class=\"alignleft size-full wp-image-12821\" src=\"https:\/\/old.mercatflors.cat\/wp-content\/uploads\/2014\/10\/dansa-ara-x-350x200.png\" alt=\"Dansa Ara a La Pedrera\" width=\"350\" height=\"200\" srcset=\"https:\/\/old.mercatflors.cat\/wp-content\/uploads\/2014\/10\/dansa-ara-x-350x200.png 350w, https:\/\/old.mercatflors.cat\/wp-content\/uploads\/2014\/10\/dansa-ara-x-350x200-223x127.png 223w\" sizes=\"(max-width: 350px) 100vw, 350px\" \/>El Mercat de les Flors \u2013 a trav\u00e9s de la f\u00e1brica de creaci\u00f3n Graner, que gestiona- ha colaborado en la sexta edici\u00f3n del ciclo Dansa ara a la Pedrera, concretamente en la selecci\u00f3n de las obras que formar\u00e1n parte del ciclo; los artistas que actuaran son Lali Ayguad\u00e9 (30 de octubre), Big Bouncers, grupo compuesto por Cecilia Colacrai, Anna Rubirola y Mireia de Querol (6 de noviembre), una selecci\u00f3n de j\u00f3venes creadores, <i>Joves ara<\/i>, el 13 de noviembre (Daniel Fern\u00e1ndez, Mar\u00eda Garc\u00eda Vera y Paloma Mu\u00f1oz), Roberto Olivan (19 de noviembre) y Pere Faura (27 de noviembre).<\/p>\n<p>Este ciclo tendr\u00e1 lugar todos los jueves comprendidos entre el 30 de octubre y el 27 de noviembre a las 20 hores y tendr\u00e1 un coste de 6\u20ac.<\/p>\n<p>M\u00e1s info <a href=\"http:\/\/www.lapedrera.com\/es\/actividades\/dansa-ara-2014\" target=\"_blank\"><strong><span style=\"color: #0000ff;\">AQU\u00cd<\/span><\/strong><\/a><\/p>\n","protected":false},"excerpt":{"rendered":"<p>El Mercat de les Flors \u2013 a trav\u00e9s de la [&hellip;]<\/p>\n","protected":false},"author":1,"featured_media":0,"comment_status":"open","ping_status":"open","sticky":false,"template":"","format":"standard","meta":[],"categories":[16],"tags":[],"_links":{"self":[{"href":"https:\/\/old.mercatflors.cat\/es\/wp-json\/wp\/v2\/posts\/12814\/"}],"collection":[{"href":"https:\/\/old.mercatflors.cat\/es\/wp-json\/wp\/v2\/posts\/"}],"about":[{"href":"https:\/\/old.mercatflors.cat\/es\/wp-json\/wp\/v2\/types\/post\/"}],"author":[{"embeddable":true,"href":"https:\/\/old.mercatflors.cat\/es\/wp-json\/wp\/v2\/users\/1\/"}],"replies":[{"embeddable":true,"href":"https:\/\/old.mercatflors.cat\/es\/wp-json\/wp\/v2\/comments\/?post=12814"}],"version-history":[{"count":0,"href":"https:\/\/old.mercatflors.cat\/es\/wp-json\/wp\/v2\/posts\/12814\/revisions\/"}],"wp:attachment":[{"href":"https:\/\/old.mercatflors.cat\/es\/wp-json\/wp\/v2\/media\/?parent=12814"}],"wp:term":[{"taxonomy":"category","embeddable":true,"href":"https:\/\/old.mercatflors.cat\/es\/wp-json\/wp\/v2\/categories\/?post=12814"},{"taxonomy":"post_tag","embeddable":true,"href":"https:\/\/old.mercatflors.cat\/es\/wp-json\/wp\/v2\/tags\/?post=12814"}],"curies":[{"name":"wp","href":"https:\/\/api.w.org\/{rel}","templated":true}]}}