{"id":12838,"date":"2014-10-14T15:25:11","date_gmt":"2014-10-14T14:25:11","guid":{"rendered":"https:\/\/old.mercatflors.cat\/?p=12838"},"modified":"2014-11-10T13:20:19","modified_gmt":"2014-11-10T12:20:19","slug":"convocatoria-para-encontrar-coreografo-y-media-artistcreative-coder-para-participar-en-el-programa-europeo-leim","status":"publish","type":"post","link":"https:\/\/old.mercatflors.cat\/es\/actualidad\/convocatoria-para-encontrar-coreografo-y-media-artistcreative-coder-para-participar-en-el-programa-europeo-leim\/","title":{"rendered":"Convocatoria para encontrar Core\u00f3grafo y Media Artist\/Creative Coder para participar en el programa europeo L\u00c9IM"},"content":{"rendered":"<p><img decoding=\"async\" loading=\"lazy\" class=\"alignleft size-full wp-image-7183\" src=\"https:\/\/old.mercatflors.cat\/wp-content\/uploads\/2013\/06\/per-LEIM.jpg\" alt=\"per LEIM\" width=\"350\" height=\"200\" \/><\/p>\n<p>La propuesta ganadora, \u201cStructural Soliloquies\u201d de la chipriota Maria Philippou, es un nuevo proyecto creativo e interactivo que explora la intersecci\u00f3n entre danza y arquitectura y que ser\u00e1 producido por el Mercat de les Flors en el contexto del Festival IDN en Febrero 2015.<\/p>\n<p>Liderado por Dance Ireland (IE) en colaboraci\u00f3n con el Consorci Mercat de les Flors\/Centre de les Arts de Moviment (ES), CSC \/ Bassano del Grappa (IT), Dance House Lemesos (CY) y TanzHaus nrw D\u00fcsseldorf (DE), el programa LEIM da la oportunidad de emprender un programa de desarrollo profesional en el campo de la danza en colaboraci\u00f3n con organizaciones que cuentan con una larga experiencia en el si de la Uni\u00f3n Europea.<\/p>\n<p>En el marco de un proceso de aprendizaje cont\u00ednuo, el proyecto L\u00c9IM fomenta el intercambio y el acompa\u00f1amiento a los j\u00f3venes artistas participantes por parte de las diversas casas de danza implicadas.<\/p>\n<p><span style=\"text-decoration: underline; color: #0000ff;\"><a href=\"https:\/\/old.mercatflors.cat\/wp-content\/uploads\/2014\/10\/Open-Call_L\u00e9im_Choreographer.pdf\" target=\"_blank\"><span style=\"color: #0000ff; text-decoration: underline;\">Las bases de la convocatoria para el core\u00f3grafo las encontrar\u00e9is aqu\u00ed <\/span><\/a><\/span><\/p>\n<p><span style=\"text-decoration: underline; color: #0000ff;\"><a href=\"https:\/\/old.mercatflors.cat\/wp-content\/uploads\/2014\/10\/Open-Call_L\u00e9im_MediaArtist.pdf\" target=\"_blank\"><span style=\"color: #0000ff; text-decoration: underline;\">Las bases de la convocatoria para el Media Artist\/Creative Coder las encontrar\u00e9is aqu\u00ed <\/span><\/a><\/span><\/p>\n<p>La fecha l\u00edmite para la presentaci\u00f3n de candidaturas es el <strong>domingo 2 de Noviembre <\/strong><\/p>\n<p>Todas las propuestas se deben enviar a <a href=\"mailto:leim@mercatflors.cat\">leim@mercatflors.cat<\/a><\/p>\n","protected":false},"excerpt":{"rendered":"<p>La propuesta ganadora, \u201cStructural Soliloquies\u201d de la chipriota Maria Philippou, [&hellip;]<\/p>\n","protected":false},"author":1,"featured_media":0,"comment_status":"open","ping_status":"open","sticky":false,"template":"","format":"standard","meta":[],"categories":[16],"tags":[],"_links":{"self":[{"href":"https:\/\/old.mercatflors.cat\/es\/wp-json\/wp\/v2\/posts\/12838\/"}],"collection":[{"href":"https:\/\/old.mercatflors.cat\/es\/wp-json\/wp\/v2\/posts\/"}],"about":[{"href":"https:\/\/old.mercatflors.cat\/es\/wp-json\/wp\/v2\/types\/post\/"}],"author":[{"embeddable":true,"href":"https:\/\/old.mercatflors.cat\/es\/wp-json\/wp\/v2\/users\/1\/"}],"replies":[{"embeddable":true,"href":"https:\/\/old.mercatflors.cat\/es\/wp-json\/wp\/v2\/comments\/?post=12838"}],"version-history":[{"count":0,"href":"https:\/\/old.mercatflors.cat\/es\/wp-json\/wp\/v2\/posts\/12838\/revisions\/"}],"wp:attachment":[{"href":"https:\/\/old.mercatflors.cat\/es\/wp-json\/wp\/v2\/media\/?parent=12838"}],"wp:term":[{"taxonomy":"category","embeddable":true,"href":"https:\/\/old.mercatflors.cat\/es\/wp-json\/wp\/v2\/categories\/?post=12838"},{"taxonomy":"post_tag","embeddable":true,"href":"https:\/\/old.mercatflors.cat\/es\/wp-json\/wp\/v2\/tags\/?post=12838"}],"curies":[{"name":"wp","href":"https:\/\/api.w.org\/{rel}","templated":true}]}}