{"id":13206,"date":"2014-10-29T14:07:39","date_gmt":"2014-10-29T13:07:39","guid":{"rendered":"https:\/\/old.mercatflors.cat\/?p=13206"},"modified":"2014-12-02T12:16:05","modified_gmt":"2014-12-02T11:16:05","slug":"el-gobierno-frances-nombra-caballero-a-francesc-casadesus","status":"publish","type":"post","link":"https:\/\/old.mercatflors.cat\/es\/actualidad\/el-gobierno-frances-nombra-caballero-a-francesc-casadesus\/","title":{"rendered":"El gobierno franc\u00e9s nombra Caballero a Francesc Casades\u00fas"},"content":{"rendered":"<p>El director del Mercat de les Flors, Francesc Casades\u00fas, ha sido galardonado con la insignia de <i>la Ordre des Arts et des Lettres<\/i> en el grado de <i>Chevalier<\/i> otorgada por el Ministerio de Cultura de Francia.<\/p>\n<p>La <i>Ordre des Arts et des Letres<\/i> recompensa a las personas que se han distinguido por sus creaciones en el terreno art\u00edstico o literari o por su contribuci\u00f3n \u00a0al esplendor de las artes y las letras en Francia y el mundo.<\/p>\n<p>La entrega de esta condecoraci\u00f3n ha sido a cargo del C\u00f3nsul General de Francia en Barcelona, Edouard Beslay.<\/p>\n","protected":false},"excerpt":{"rendered":"<p>El director del Mercat de les Flors, Francesc Casades\u00fas, ha [&hellip;]<\/p>\n","protected":false},"author":1,"featured_media":0,"comment_status":"open","ping_status":"open","sticky":false,"template":"","format":"standard","meta":[],"categories":[16],"tags":[],"_links":{"self":[{"href":"https:\/\/old.mercatflors.cat\/es\/wp-json\/wp\/v2\/posts\/13206\/"}],"collection":[{"href":"https:\/\/old.mercatflors.cat\/es\/wp-json\/wp\/v2\/posts\/"}],"about":[{"href":"https:\/\/old.mercatflors.cat\/es\/wp-json\/wp\/v2\/types\/post\/"}],"author":[{"embeddable":true,"href":"https:\/\/old.mercatflors.cat\/es\/wp-json\/wp\/v2\/users\/1\/"}],"replies":[{"embeddable":true,"href":"https:\/\/old.mercatflors.cat\/es\/wp-json\/wp\/v2\/comments\/?post=13206"}],"version-history":[{"count":0,"href":"https:\/\/old.mercatflors.cat\/es\/wp-json\/wp\/v2\/posts\/13206\/revisions\/"}],"wp:attachment":[{"href":"https:\/\/old.mercatflors.cat\/es\/wp-json\/wp\/v2\/media\/?parent=13206"}],"wp:term":[{"taxonomy":"category","embeddable":true,"href":"https:\/\/old.mercatflors.cat\/es\/wp-json\/wp\/v2\/categories\/?post=13206"},{"taxonomy":"post_tag","embeddable":true,"href":"https:\/\/old.mercatflors.cat\/es\/wp-json\/wp\/v2\/tags\/?post=13206"}],"curies":[{"name":"wp","href":"https:\/\/api.w.org\/{rel}","templated":true}]}}