{"id":13429,"date":"2014-11-07T12:58:10","date_gmt":"2014-11-07T11:58:10","guid":{"rendered":"https:\/\/old.mercatflors.cat\/?p=13429"},"modified":"2014-12-02T12:14:20","modified_gmt":"2014-12-02T11:14:20","slug":"resolucion-2a-convocatoria-residencias-graner-2015","status":"publish","type":"post","link":"https:\/\/old.mercatflors.cat\/es\/actualidad\/resolucion-2a-convocatoria-residencias-graner-2015\/","title":{"rendered":"Resoluci\u00f3n 2\u00aa convocatoria residencias GRANER 2015"},"content":{"rendered":"<p>Despu\u00e9s de la 2\u00aa convocatoria p\u00fablica de proyectos 2015 , que se cerr\u00f3 el pasado 30 de Setiembre, los proyectos seleccionados en esta segunda convocatoria de residencias 2015 son:<\/p>\n<p>1.- Sonia G\u00f3mez \/\/ Bailarina de Sonia G\u00f3mez proyect\u00f3 de transmisi\u00f3n.<br \/>\n2.-Conde de Torrefiel\/\/ Guerrilla<br \/>\n3.- Big Bouncers\/\/ I Think you should wear something\u2026<br \/>\n4.- Los que quedan \/\/ The Sound project<br \/>\n5.- Andr\u00e9s Corchero\/\/ Lleno eres de gracia<br \/>\n6.- Carretera N340 \/\/ N340<br \/>\n7.- Alejandra Aguirre\/\/ Altereco<br \/>\n8.- Victoria Macarte\/\/ Fine Cherry<br \/>\n9.- Los corderos\/\/ de la eterna pareja a dos cuartetos<br \/>\n10.- Brodas\/\/Brincabros<\/p>\n<p>Los miembros de la comisi\u00f3n de valoraci\u00f3n han sido: Miguel Acebes, Carles Mallol, Bea Fern\u00e1ndez, Montse Iranzo (en representaci\u00f3n de la APDC) y Cristina Alonso (en representaci\u00f3n del Graner).<\/p>\n<p><img decoding=\"async\" loading=\"lazy\" class=\"alignleft size-medium wp-image-13427\" src=\"https:\/\/old.mercatflors.cat\/wp-content\/uploads\/2014\/11\/philips_021-350x450.jpg\" alt=\"philips_021\" width=\"350\" height=\"450\" srcset=\"https:\/\/old.mercatflors.cat\/wp-content\/uploads\/2014\/11\/philips_021-350x450.jpg 350w, https:\/\/old.mercatflors.cat\/wp-content\/uploads\/2014\/11\/philips_021-380x490.jpg 380w, https:\/\/old.mercatflors.cat\/wp-content\/uploads\/2014\/11\/philips_021.jpg 670w\" sizes=\"(max-width: 350px) 100vw, 350px\" \/><\/p>\n","protected":false},"excerpt":{"rendered":"<p>Despu\u00e9s de la 2\u00aa convocatoria p\u00fablica de proyectos 2015 , [&hellip;]<\/p>\n","protected":false},"author":1,"featured_media":0,"comment_status":"open","ping_status":"open","sticky":false,"template":"","format":"standard","meta":[],"categories":[16],"tags":[],"_links":{"self":[{"href":"https:\/\/old.mercatflors.cat\/es\/wp-json\/wp\/v2\/posts\/13429\/"}],"collection":[{"href":"https:\/\/old.mercatflors.cat\/es\/wp-json\/wp\/v2\/posts\/"}],"about":[{"href":"https:\/\/old.mercatflors.cat\/es\/wp-json\/wp\/v2\/types\/post\/"}],"author":[{"embeddable":true,"href":"https:\/\/old.mercatflors.cat\/es\/wp-json\/wp\/v2\/users\/1\/"}],"replies":[{"embeddable":true,"href":"https:\/\/old.mercatflors.cat\/es\/wp-json\/wp\/v2\/comments\/?post=13429"}],"version-history":[{"count":0,"href":"https:\/\/old.mercatflors.cat\/es\/wp-json\/wp\/v2\/posts\/13429\/revisions\/"}],"wp:attachment":[{"href":"https:\/\/old.mercatflors.cat\/es\/wp-json\/wp\/v2\/media\/?parent=13429"}],"wp:term":[{"taxonomy":"category","embeddable":true,"href":"https:\/\/old.mercatflors.cat\/es\/wp-json\/wp\/v2\/categories\/?post=13429"},{"taxonomy":"post_tag","embeddable":true,"href":"https:\/\/old.mercatflors.cat\/es\/wp-json\/wp\/v2\/tags\/?post=13429"}],"curies":[{"name":"wp","href":"https:\/\/api.w.org\/{rel}","templated":true}]}}