{"id":13432,"date":"2014-11-07T12:55:00","date_gmt":"2014-11-07T11:55:00","guid":{"rendered":"https:\/\/old.mercatflors.cat\/?p=13432"},"modified":"2014-11-25T16:03:09","modified_gmt":"2014-11-25T15:03:09","slug":"nuevo-concurso-para-escoger-al-coreografo-del-proyecto-educativo-y-artistico-tot-dansa-2015","status":"publish","type":"post","link":"https:\/\/old.mercatflors.cat\/es\/actualidad\/nuevo-concurso-para-escoger-al-coreografo-del-proyecto-educativo-y-artistico-tot-dansa-2015\/","title":{"rendered":"Nuevo concurso para escoger al core\u00f3grafo del proyecto educativo y art\u00edstico TOT DANSA 2015"},"content":{"rendered":"<p>Se convoca un nuevo concurso para seleccionar al core\u00f3grafo que deber\u00e1 dirigir el proyecto educativo TOT DANSA durante el 2015.<\/p>\n<p>TOT DANSA es un proyecto organizado por el Institut Municipal de Educaci\u00f3n del Ayuntamiento de Barcelona, el Institut del Teatre y el Mercat de les Flors y tiene como objetivo dar a conocer el lenguaje del movimiento y la danza contempor\u00e1nea al p\u00fablico joven.<\/p>\n<p>El proyecto se dirige a los centros de educaci\u00f3n secundaria y de bachillerato p\u00fablicos. Durante todo el a\u00f1o, el core\u00f3grafo seleccionado se har\u00e1 cargo de la formaci\u00f3n del profesorado de los centros de ense\u00f1anza secundaria, del proceso de creaci\u00f3n y de la direcci\u00f3n de la muestra del resultado final en el escenario del Mercat de les Flors en junio de 2015.<\/p>\n<p>Hasta la fecha han sido core\u00f3grafos del proyecto TOT DANSA Toni Mira, Lipi Hern\u00e1ndez y Sebasti\u00e1n Garc\u00eda Ferro a trav\u00e9s del concurso, despu\u00e9s de serlo durante a\u00f1os Toni G\u00f3mez como profesor del Institut del Teatre.<\/p>\n<p>DESCARGA LAS BASES <a href=\"https:\/\/old.mercatflors.cat\/wp-content\/uploads\/2014\/11\/BASES-CONCURS-CORE\u00d2GRAF-TOT-DANSA-2015.pdf\" target=\"_blank\"><strong>AQU\u00cd<\/strong><\/a><\/p>\n","protected":false},"excerpt":{"rendered":"<p>Se convoca un nuevo concurso para seleccionar al core\u00f3grafo que [&hellip;]<\/p>\n","protected":false},"author":1,"featured_media":0,"comment_status":"open","ping_status":"open","sticky":false,"template":"","format":"standard","meta":[],"categories":[16],"tags":[],"_links":{"self":[{"href":"https:\/\/old.mercatflors.cat\/es\/wp-json\/wp\/v2\/posts\/13432\/"}],"collection":[{"href":"https:\/\/old.mercatflors.cat\/es\/wp-json\/wp\/v2\/posts\/"}],"about":[{"href":"https:\/\/old.mercatflors.cat\/es\/wp-json\/wp\/v2\/types\/post\/"}],"author":[{"embeddable":true,"href":"https:\/\/old.mercatflors.cat\/es\/wp-json\/wp\/v2\/users\/1\/"}],"replies":[{"embeddable":true,"href":"https:\/\/old.mercatflors.cat\/es\/wp-json\/wp\/v2\/comments\/?post=13432"}],"version-history":[{"count":0,"href":"https:\/\/old.mercatflors.cat\/es\/wp-json\/wp\/v2\/posts\/13432\/revisions\/"}],"wp:attachment":[{"href":"https:\/\/old.mercatflors.cat\/es\/wp-json\/wp\/v2\/media\/?parent=13432"}],"wp:term":[{"taxonomy":"category","embeddable":true,"href":"https:\/\/old.mercatflors.cat\/es\/wp-json\/wp\/v2\/categories\/?post=13432"},{"taxonomy":"post_tag","embeddable":true,"href":"https:\/\/old.mercatflors.cat\/es\/wp-json\/wp\/v2\/tags\/?post=13432"}],"curies":[{"name":"wp","href":"https:\/\/api.w.org\/{rel}","templated":true}]}}