{"id":13658,"date":"2014-11-26T16:31:20","date_gmt":"2014-11-26T15:31:20","guid":{"rendered":"https:\/\/old.mercatflors.cat\/?p=13658"},"modified":"2015-07-31T16:19:54","modified_gmt":"2015-07-31T15:19:54","slug":"el-proyecto-europeo-modul-dance-edita-unas-guias-para-los-artistas","status":"publish","type":"post","link":"https:\/\/old.mercatflors.cat\/es\/actualidad\/el-proyecto-europeo-modul-dance-edita-unas-guias-para-los-artistas\/","title":{"rendered":"Gu\u00edas de 10 ciudades europeas a trav\u00e9s de sus artistas, inciativa del proyecto modul-dance"},"content":{"rendered":"<p>Son 10 gu\u00edas de 10 ciudades europeas que se pueden consultar on-line. Cada una de las gu\u00edas de esta colecci\u00f3n muestra la ciudad desde la mirada de un artista local, que ofrece su particular itinerario al artista en tr\u00e1nsito para conectarle con la ciudad que le acoge. Son similares y diferentes a la vez. En su diferencia reside la riqueza de miradas, est\u00e9ticas, aproximaciones con lo local&#8230; Son, en definitiva, un espejo de la diversidad que modul-dance ha arropado durante todo el proyecto.<\/p>\n<p>Promover la movilidad es uno de los elementos clave del proyecto, que permite a los artistas a los que se apoya realizar itinerarios a trav\u00e9s de Europa para desarrollar su trabajo creativo y presentarlo ante diferentes audiencias. Modul-dance es un proyecto de cooperaci\u00f3n multianual con la participaci\u00f3n de 20 casas de danza europeas de 16 pa\u00edses.<\/p>\n<p>La gu\u00eda de la ciudad de Barcelona ha sido posible gracias al trabajo curatorial de Graner\/Mercat de les Flors, partner del proyecto modul-dance, que ha sido la entidad impulsora de la colecci\u00f3n.<\/p>\n<p>Puedes ver las gu\u00edas <a href=\"http:\/\/issuu.com\/moduldance\" target=\"_blank\"><strong>AQU\u00cd<\/strong><\/a><\/p>\n","protected":false},"excerpt":{"rendered":"<p>Son 10 gu\u00edas de 10 ciudades europeas que se pueden [&hellip;]<\/p>\n","protected":false},"author":1,"featured_media":0,"comment_status":"open","ping_status":"open","sticky":false,"template":"","format":"standard","meta":[],"categories":[16],"tags":[],"_links":{"self":[{"href":"https:\/\/old.mercatflors.cat\/es\/wp-json\/wp\/v2\/posts\/13658\/"}],"collection":[{"href":"https:\/\/old.mercatflors.cat\/es\/wp-json\/wp\/v2\/posts\/"}],"about":[{"href":"https:\/\/old.mercatflors.cat\/es\/wp-json\/wp\/v2\/types\/post\/"}],"author":[{"embeddable":true,"href":"https:\/\/old.mercatflors.cat\/es\/wp-json\/wp\/v2\/users\/1\/"}],"replies":[{"embeddable":true,"href":"https:\/\/old.mercatflors.cat\/es\/wp-json\/wp\/v2\/comments\/?post=13658"}],"version-history":[{"count":0,"href":"https:\/\/old.mercatflors.cat\/es\/wp-json\/wp\/v2\/posts\/13658\/revisions\/"}],"wp:attachment":[{"href":"https:\/\/old.mercatflors.cat\/es\/wp-json\/wp\/v2\/media\/?parent=13658"}],"wp:term":[{"taxonomy":"category","embeddable":true,"href":"https:\/\/old.mercatflors.cat\/es\/wp-json\/wp\/v2\/categories\/?post=13658"},{"taxonomy":"post_tag","embeddable":true,"href":"https:\/\/old.mercatflors.cat\/es\/wp-json\/wp\/v2\/tags\/?post=13658"}],"curies":[{"name":"wp","href":"https:\/\/api.w.org\/{rel}","templated":true}]}}