{"id":13952,"date":"2014-12-22T09:52:42","date_gmt":"2014-12-22T08:52:42","guid":{"rendered":"https:\/\/old.mercatflors.cat\/?p=13952"},"modified":"2015-03-09T14:02:33","modified_gmt":"2015-03-09T13:02:33","slug":"alvaro-de-la-pena-coreografo-seleccionado-para-tot-dansa","status":"publish","type":"post","link":"https:\/\/old.mercatflors.cat\/es\/actualidad\/alvaro-de-la-pena-coreografo-seleccionado-para-tot-dansa\/","title":{"rendered":"Alvaro de la Pe\u00f1a, core\u00f3grafo seleccionado para TOT DANSA"},"content":{"rendered":"<p><strong>El core\u00f3grafo tiene una amplia experiencia pedag\u00f3gica<\/strong><\/p>\n<p>El proyecto TOT DANSA se dirige a los centros de educaci\u00f3n secundaria y de bachillerato p\u00fablicos. Durante todo el a\u00f1o, el core\u00f3grafo seleccionado se hace cargo de la formaci\u00f3n del profesorado, del proceso de creaci\u00f3n y de la direcci\u00f3n de la muestra del resultado final en el escenario del Mercat de les Flors en junio de 2015. Este a\u00f1o sido seleccionado \u00c1lvaro de la Pe\u00f1a, core\u00f3grafo con una extensa carrera profesional y pedag\u00f3gica.<\/p>\n<p>Titulado por la Escuela Superior de Arte Dram\u00e1tico y Danza de Barcelona (Institut del Teatre, 1981) en la especialidad de Pedagog\u00eda de la Danza. Ha bailado con el Ballet Contemporani de Barcelona y con la compa\u00f1\u00eda Heura. En 1983 trabaja en el Folkwang Tanz Studio (Essen, Alemania), ballet escuela dirigido por Susan Lynke, bajo la direcci\u00f3n art\u00edstica de Pina Bausch. Durante tres temporadas baila como solista en el Gran Teatre del Liceo. Participa como actor-bailar\u00edn en espect\u00e1culos de Ioago Pericot y Jos\u00e9 Mar\u00eda Rodero. Baila con la compa\u00f1\u00eda de Avelina Arg\u00fcelles y Nats Nus y participa como core\u00f3grafo en la compa\u00f1\u00eda Dart. Posteriormente crea, con Juan Carlos Garc\u00eda y Claudio Zuli\u00e1n, Lan\u00f2nima Imperial. En 1993 funda la compa\u00f1\u00eda Iliacan, creando m\u00e1s de 20 espect\u00e1culos.<\/p>\n<p>Como pedagogo trabaja como profesor de danza en el Institut del Teatre desde 1990, adem\u00e1s de dar clases y talleres en diferentes centros, tanto nacionales como internacionales.<\/p>\n<p>A partir del a\u00f1o 2009 desarrolla una l\u00ednea de trabajo, bajo la denominaci\u00f3n de <em>Danza para cualquiera<\/em>, con la que pretende acercar la danza a la sociedad. Parte de la premisa de que, aunque la danza no es para cualquiera, cualquiera puede tener acceso a la misma. Este proyecto engloba <em>Pueblos en Danza<\/em>, en el que forma a personas no profesionales de diferentes municipios pr\u00f3ximos a quienes hace c\u00f3mplices para que participen en la creaci\u00f3n y representaci\u00f3n de un espect\u00e1culo profesional. Tambi\u00e9n el proyecto Barrios en Danza, galardonado con el Premio Ciutat de Barcelona 2012, que trabaja con vecinos de diferentes barrios.<\/p>\n<p>Tambi\u00e9n ha desarrollado <em>Dansa sin barrotes<\/em>, un espect\u00e1culo de danza para internos de la presi\u00f3n Lledoners en 3er grado a trav\u00e9s de la Fira Mediterr\u00e0nia de Manresa, entre otros proyectos.<\/p>\n<p>Fue fundador de La Caldera, asociaci\u00f3n cultural que recibi\u00f3 el Premio Nacional de Danza 2006 que otorga la Generalitat de Catalunya.<\/p>\n","protected":false},"excerpt":{"rendered":"<p>El core\u00f3grafo tiene una amplia experiencia pedag\u00f3gica El proyecto TOT [&hellip;]<\/p>\n","protected":false},"author":1,"featured_media":0,"comment_status":"open","ping_status":"open","sticky":false,"template":"","format":"standard","meta":[],"categories":[16],"tags":[],"_links":{"self":[{"href":"https:\/\/old.mercatflors.cat\/es\/wp-json\/wp\/v2\/posts\/13952\/"}],"collection":[{"href":"https:\/\/old.mercatflors.cat\/es\/wp-json\/wp\/v2\/posts\/"}],"about":[{"href":"https:\/\/old.mercatflors.cat\/es\/wp-json\/wp\/v2\/types\/post\/"}],"author":[{"embeddable":true,"href":"https:\/\/old.mercatflors.cat\/es\/wp-json\/wp\/v2\/users\/1\/"}],"replies":[{"embeddable":true,"href":"https:\/\/old.mercatflors.cat\/es\/wp-json\/wp\/v2\/comments\/?post=13952"}],"version-history":[{"count":0,"href":"https:\/\/old.mercatflors.cat\/es\/wp-json\/wp\/v2\/posts\/13952\/revisions\/"}],"wp:attachment":[{"href":"https:\/\/old.mercatflors.cat\/es\/wp-json\/wp\/v2\/media\/?parent=13952"}],"wp:term":[{"taxonomy":"category","embeddable":true,"href":"https:\/\/old.mercatflors.cat\/es\/wp-json\/wp\/v2\/categories\/?post=13952"},{"taxonomy":"post_tag","embeddable":true,"href":"https:\/\/old.mercatflors.cat\/es\/wp-json\/wp\/v2\/tags\/?post=13952"}],"curies":[{"name":"wp","href":"https:\/\/api.w.org\/{rel}","templated":true}]}}