{"id":14300,"date":"2015-01-27T11:42:32","date_gmt":"2015-01-27T10:42:32","guid":{"rendered":"https:\/\/old.mercatflors.cat\/?p=14300"},"modified":"2015-02-23T11:49:31","modified_gmt":"2015-02-23T10:49:31","slug":"barris-en-dansa-en-el-mercat-el-21-y-22-de-febrero","status":"publish","type":"post","link":"https:\/\/old.mercatflors.cat\/es\/actualidad\/barris-en-dansa-en-el-mercat-el-21-y-22-de-febrero\/","title":{"rendered":"&#8216;Barris en dansa&#8217;, en el Mercat el 21 y 22 de Febrero"},"content":{"rendered":"<p><img decoding=\"async\" loading=\"lazy\" class=\"alignleft size-full wp-image-14175\" src=\"https:\/\/old.mercatflors.cat\/wp-content\/uploads\/2015\/01\/barris-en-dansa-2015-petita1.jpg\" alt=\"barris-en-dansa-2015-petita\" width=\"350\" height=\"200\" srcset=\"https:\/\/old.mercatflors.cat\/wp-content\/uploads\/2015\/01\/barris-en-dansa-2015-petita1.jpg 350w, https:\/\/old.mercatflors.cat\/wp-content\/uploads\/2015\/01\/barris-en-dansa-2015-petita1-223x127.jpg 223w\" sizes=\"(max-width: 350px) 100vw, 350px\" \/><\/p>\n<p><strong>Barris en Dansa<\/strong>\u00a0(Barrios en Danza)\u00a0es un proyecto de danza social (comunitario) liderado por la compa\u00f1\u00eda de danza <span style=\"text-decoration: underline; color: #0000ff;\"><a style=\"color: #0000ff;\" href=\"http:\/\/www.iliacan.com\/\" target=\"_blank\"><strong>Iliac\u00e1n\/\u00c1lvaro de la Pe\u00f1a<\/strong><\/a><\/span>. El core\u00f3grafo, socio fundador de La Caldera, recibi\u00f3 el Premi Ciutat de Barcelona 2012 en la categor\u00eda de danza por este trabajo coreogr\u00e1fico profesional, pedag\u00f3gico y\u00a0social. \u00c1lvaro de Pe\u00f1a tiene una larga trayectoria y\u00a0fue finalista en los Premis Dansacat 2012 de la APdC, en la categor\u00eda de Danza y\u00a0sociedad, por el proyecto Pobles en Dansa (Pueblos en Danza), un precedente de Barris en Dansa.<\/p>\n<p>El objetivo del proyecto Barris en Dansa es fomentar y\u00a0fortalecer\u00a0los v\u00ednculos de la comunidad\u00a0y dinamizar art\u00edstica y\u00a0l\u00fadicamente la red\u00a0social de los barrios a trav\u00e9s de la danza.<\/p>\n<p>El fin\u00a0de semana del 21 y\u00a022 de Febrero\u00a0<span style=\"text-decoration: underline; color: #0000ff;\"><a style=\"color: #0000ff; text-decoration: underline;\" href=\"https:\/\/old.mercatflors.cat\/espectacle\/barris-en-dansa-narinant\/\">Barris en Dansa llega al Mercat con\u00a0&#8216;Narinant&#8217;<\/a><\/span>,\u00a0un espect\u00e1culo de danza contempor\u00e1nea interpretado por personas de todas las edades y\u00a0condiciones, de varios barrios \u201cc\u00f3mplices\u201d de Barcelona (Les Corts, La Sagrera, Bes\u00f2s\/La Mina).<\/p>\n","protected":false},"excerpt":{"rendered":"<p>Barris en Dansa\u00a0(Barrios en Danza)\u00a0es un proyecto de danza social [&hellip;]<\/p>\n","protected":false},"author":1,"featured_media":0,"comment_status":"open","ping_status":"open","sticky":false,"template":"","format":"standard","meta":[],"categories":[16],"tags":[],"_links":{"self":[{"href":"https:\/\/old.mercatflors.cat\/es\/wp-json\/wp\/v2\/posts\/14300\/"}],"collection":[{"href":"https:\/\/old.mercatflors.cat\/es\/wp-json\/wp\/v2\/posts\/"}],"about":[{"href":"https:\/\/old.mercatflors.cat\/es\/wp-json\/wp\/v2\/types\/post\/"}],"author":[{"embeddable":true,"href":"https:\/\/old.mercatflors.cat\/es\/wp-json\/wp\/v2\/users\/1\/"}],"replies":[{"embeddable":true,"href":"https:\/\/old.mercatflors.cat\/es\/wp-json\/wp\/v2\/comments\/?post=14300"}],"version-history":[{"count":0,"href":"https:\/\/old.mercatflors.cat\/es\/wp-json\/wp\/v2\/posts\/14300\/revisions\/"}],"wp:attachment":[{"href":"https:\/\/old.mercatflors.cat\/es\/wp-json\/wp\/v2\/media\/?parent=14300"}],"wp:term":[{"taxonomy":"category","embeddable":true,"href":"https:\/\/old.mercatflors.cat\/es\/wp-json\/wp\/v2\/categories\/?post=14300"},{"taxonomy":"post_tag","embeddable":true,"href":"https:\/\/old.mercatflors.cat\/es\/wp-json\/wp\/v2\/tags\/?post=14300"}],"curies":[{"name":"wp","href":"https:\/\/api.w.org\/{rel}","templated":true}]}}