{"id":14373,"date":"2015-01-30T12:42:43","date_gmt":"2015-01-30T11:42:43","guid":{"rendered":"https:\/\/old.mercatflors.cat\/?p=14373"},"modified":"2015-03-09T13:59:44","modified_gmt":"2015-03-09T12:59:44","slug":"talleres-de-cuerpo-en-febrero-en-el-mercat-y-el-institut-del-teatre","status":"publish","type":"post","link":"https:\/\/old.mercatflors.cat\/es\/actualidad\/talleres-de-cuerpo-en-febrero-en-el-mercat-y-el-institut-del-teatre\/","title":{"rendered":"Talleres de cuerpo en Febrero y Marzo en el Mercat y el Institut del Teatre"},"content":{"rendered":"<p><img decoding=\"async\" loading=\"lazy\" class=\"alignleft size-full wp-image-14299\" src=\"https:\/\/old.mercatflors.cat\/wp-content\/uploads\/2015\/01\/taller-cos-aimar1.jpg\" alt=\"taller de cos amb Aimar P\u00e9rez Gal\u00ed\" width=\"350\" height=\"200\" srcset=\"https:\/\/old.mercatflors.cat\/wp-content\/uploads\/2015\/01\/taller-cos-aimar1.jpg 350w, https:\/\/old.mercatflors.cat\/wp-content\/uploads\/2015\/01\/taller-cos-aimar1-223x127.jpg 223w\" sizes=\"(max-width: 350px) 100vw, 350px\" \/><\/p>\n<p>Los bailarines y\u00a0core\u00f3grafos <strong>Jordi Cort\u00e9s, Aimar P\u00e9rez Gal\u00ed y\u00a0Pere Faura <\/strong>impartir\u00e1n talleres de cuerpo\u00a0estos meses de Febrero y\u00a0Marzo. La idea de estos talleres es acercarse a la creaci\u00f3n, no a trav\u00e9s del formato habitual de conferencias o charlas con\u00a0artistas, si no a partir del propio movimiento. No se requiere experiencia previa de danza. Cada uno de los talleres tiene un precio de 8\u20ac.<\/p>\n<p><a href=\"https:\/\/old.mercatflors.cat\/es\/ciclesifestivals\/talleres-de-cuerpo-2014-15\/\">Info e\u00a0inscripciones aqu\u00ed<\/a><\/p>\n","protected":false},"excerpt":{"rendered":"<p>Los bailarines y\u00a0core\u00f3grafos Jordi Cort\u00e9s, Aimar P\u00e9rez Gal\u00ed y\u00a0Pere Faura [&hellip;]<\/p>\n","protected":false},"author":1,"featured_media":0,"comment_status":"open","ping_status":"open","sticky":false,"template":"","format":"standard","meta":[],"categories":[16],"tags":[],"_links":{"self":[{"href":"https:\/\/old.mercatflors.cat\/es\/wp-json\/wp\/v2\/posts\/14373\/"}],"collection":[{"href":"https:\/\/old.mercatflors.cat\/es\/wp-json\/wp\/v2\/posts\/"}],"about":[{"href":"https:\/\/old.mercatflors.cat\/es\/wp-json\/wp\/v2\/types\/post\/"}],"author":[{"embeddable":true,"href":"https:\/\/old.mercatflors.cat\/es\/wp-json\/wp\/v2\/users\/1\/"}],"replies":[{"embeddable":true,"href":"https:\/\/old.mercatflors.cat\/es\/wp-json\/wp\/v2\/comments\/?post=14373"}],"version-history":[{"count":0,"href":"https:\/\/old.mercatflors.cat\/es\/wp-json\/wp\/v2\/posts\/14373\/revisions\/"}],"wp:attachment":[{"href":"https:\/\/old.mercatflors.cat\/es\/wp-json\/wp\/v2\/media\/?parent=14373"}],"wp:term":[{"taxonomy":"category","embeddable":true,"href":"https:\/\/old.mercatflors.cat\/es\/wp-json\/wp\/v2\/categories\/?post=14373"},{"taxonomy":"post_tag","embeddable":true,"href":"https:\/\/old.mercatflors.cat\/es\/wp-json\/wp\/v2\/tags\/?post=14373"}],"curies":[{"name":"wp","href":"https:\/\/api.w.org\/{rel}","templated":true}]}}