{"id":14408,"date":"2015-02-02T15:37:49","date_gmt":"2015-02-02T14:37:49","guid":{"rendered":"https:\/\/old.mercatflors.cat\/?p=14408"},"modified":"2015-02-23T11:47:52","modified_gmt":"2015-02-23T10:47:52","slug":"2-ofertas-de-trabajo-para-la-gestion-del-proyecto-edn","status":"publish","type":"post","link":"https:\/\/old.mercatflors.cat\/es\/actualidad\/2-ofertas-de-trabajo-para-la-gestion-del-proyecto-edn\/","title":{"rendered":"2 ofertas de trabajo para la gesti\u00f3n del proyecto EDN"},"content":{"rendered":"<p><span id=\"result_box\" class=\"\" lang=\"ca\"><span class=\"hps\">EDN<\/span> <span class=\"hps\">est\u00e1<\/span>\u00a0<span class=\"hps\">buscando<\/span>\u00a0<span class=\"hps\">2 personas<\/span>\u00a0<span class=\"hps\">para la<\/span> <span class=\"hps\">gesti\u00f3n de la red<\/span>\u00a0<span class=\"hps\">EDN<\/span> <span class=\"hps\">&#8211;<\/span> European Dancehouse Network\u00a0<span class=\"hps\">fundada por la<\/span> <span class=\"hps\">Uni\u00f3n<\/span> <span class=\"hps\">Europea<\/span> <span class=\"hps atn\">(<\/span>Programa Europa <span class=\"hps\">Creativa<\/span>) hasta<span class=\"hps\">\u00a0Agosto de<\/span> <span class=\"hps\">2017<\/span>.<\/span><\/p>\n<p><span class=\"hps\">Los<\/span> <span class=\"hps\">2 puestos<\/span>\u00a0<span class=\"hps\">de trabajo que<\/span>\u00a0se\u00a0<span class=\"hps\">est\u00e1n<\/span>\u00a0<span class=\"hps\">buscando<\/span>\u00a0<span class=\"hps\">trabajar\u00e1n<\/span>\u00a0<span class=\"hps\">en estrecha<\/span> <span class=\"hps\">cooperaci\u00f3n<\/span> con\u00a0<span class=\"hps\">el Presidente<\/span> y<span class=\"hps\">\u00a0el Consejo<\/span>\u00a0<span class=\"hps\">EDN<\/span>, <span class=\"hps\">as\u00ed<\/span> <span class=\"hps\">como<\/span> con\u00a0<span class=\"hps\">el supervisor<\/span> <span class=\"hps\">de<\/span> <span class=\"hps\">la<\/span> red.<\/p>\n<p><span class=\"hps\">Ambos<\/span>\u00a0puestos\u00a0<span class=\"hps\">son<\/span> <span class=\"hps\">independientes<\/span> y\u00a0piden\u00a0<span class=\"hps\">un alto<\/span> <span class=\"hps\">nivel<\/span> <span class=\"hps\">de auto-organizaci\u00f3n<\/span>, de<span class=\"hps\">\u00a0creatividad<\/span>\u00a0y\u00a0<span class=\"hps\">el conocimiento<\/span>\u00a0<span class=\"hps\">de<\/span> <span class=\"hps\">las<\/span> <span class=\"hps\">necesidades<\/span> <span class=\"hps\">de los<\/span> <span class=\"hps\">miembros<\/span>, <span class=\"hps\">as\u00ed<\/span> <span class=\"hps\">como<\/span> <span class=\"hps\">para las<\/span> <span class=\"hps\">solicitudes del<\/span> <span class=\"hps\">programa<\/span> <span class=\"hps atn\">&#8220;<\/span>Europa <span class=\"hps\">Creativa<\/span><span class=\"\">&#8221; de la UE<\/span><span class=\"\">.<\/span><\/p>\n<p><span class=\"hps\">Es<\/span> <span class=\"hps\">requisito<\/span> <span class=\"hps\">especial <\/span><span class=\"hps\">indispensable u<\/span><span class=\"hps\">n alto<\/span> <span class=\"hps\">inter\u00e9s<\/span> <span class=\"hps\">en<\/span> <span class=\"hps\">las<\/span> <span class=\"hps\">necesidades<\/span> y\u00a0accione<span class=\"hps\">s de la danza contempor\u00e1nea y\u00a0el sector de las<\/span>\u00a0artes.<\/p>\n<p><span class=\"hps\">Inicio<\/span>: <span class=\"hps\">1 de Marzo de<\/span> <span class=\"hps\">2015-<\/span> <span class=\"hps\">31 Agosto 2017<\/span>.<\/p>\n<p><span id=\"result_box\" class=\"\" lang=\"ca\"><span class=\"hps\">Fecha<\/span> <span class=\"hps\">l\u00edmite<\/span> <span class=\"hps\">para el env\u00edo<\/span>\u00a0<span class=\"hps\">de CV<\/span>: Vierne<span class=\"hps\">s 13<\/span> <span class=\"hps\">de Febrero a<\/span> <span class=\"hps\">las<\/span> <span class=\"hps\">14h<\/span><span class=\"\">.<\/span><\/span><\/p>\n<p><span class=\"hps\">La oficina<\/span> <span class=\"hps\">est\u00e1 ubicada<\/span> en<span class=\"hps\">\u00a0Barcelona<\/span>, en e<span class=\"hps\">l Mercat de<\/span> <span class=\"hps\">les Flors<\/span> <span class=\"hps atn\">(<\/span>c.\u00a0<span class=\"hps\">Lleida<\/span>, <span class=\"hps\">59<\/span>)<\/p>\n<p><span style=\"text-decoration: underline; color: #0000ff;\"><a style=\"color: #0000ff; text-decoration: underline;\" href=\"http:\/\/ednetwork.eu\/2015\/02\/02\/2-job-vacancies-for-the-edn-project-management\/\" target=\"_blank\">Toda la informaci\u00f3n la encontrar\u00e1s aqu\u00ed<\/a><\/span><\/p>\n","protected":false},"excerpt":{"rendered":"<p>EDN est\u00e1\u00a0buscando\u00a02 personas\u00a0para la gesti\u00f3n de la red\u00a0EDN &#8211; European [&hellip;]<\/p>\n","protected":false},"author":1,"featured_media":0,"comment_status":"open","ping_status":"open","sticky":false,"template":"","format":"standard","meta":[],"categories":[16],"tags":[],"_links":{"self":[{"href":"https:\/\/old.mercatflors.cat\/es\/wp-json\/wp\/v2\/posts\/14408\/"}],"collection":[{"href":"https:\/\/old.mercatflors.cat\/es\/wp-json\/wp\/v2\/posts\/"}],"about":[{"href":"https:\/\/old.mercatflors.cat\/es\/wp-json\/wp\/v2\/types\/post\/"}],"author":[{"embeddable":true,"href":"https:\/\/old.mercatflors.cat\/es\/wp-json\/wp\/v2\/users\/1\/"}],"replies":[{"embeddable":true,"href":"https:\/\/old.mercatflors.cat\/es\/wp-json\/wp\/v2\/comments\/?post=14408"}],"version-history":[{"count":0,"href":"https:\/\/old.mercatflors.cat\/es\/wp-json\/wp\/v2\/posts\/14408\/revisions\/"}],"wp:attachment":[{"href":"https:\/\/old.mercatflors.cat\/es\/wp-json\/wp\/v2\/media\/?parent=14408"}],"wp:term":[{"taxonomy":"category","embeddable":true,"href":"https:\/\/old.mercatflors.cat\/es\/wp-json\/wp\/v2\/categories\/?post=14408"},{"taxonomy":"post_tag","embeddable":true,"href":"https:\/\/old.mercatflors.cat\/es\/wp-json\/wp\/v2\/tags\/?post=14408"}],"curies":[{"name":"wp","href":"https:\/\/api.w.org\/{rel}","templated":true}]}}