{"id":14417,"date":"2015-02-03T13:35:15","date_gmt":"2015-02-03T12:35:15","guid":{"rendered":"https:\/\/old.mercatflors.cat\/?p=14417"},"modified":"2015-02-23T11:50:20","modified_gmt":"2015-02-23T10:50:20","slug":"sol-pico-galardonada-con-el-premi-ciutat-de-barcelona-2014","status":"publish","type":"post","link":"https:\/\/old.mercatflors.cat\/es\/actualidad\/sol-pico-galardonada-con-el-premi-ciutat-de-barcelona-2014\/","title":{"rendered":"SOL PIC\u00d3, galardonada con el Premi Ciutat de Barcelona 2014"},"content":{"rendered":"<p><img decoding=\"async\" loading=\"lazy\" class=\"alignleft size-full wp-image-12599\" src=\"https:\/\/old.mercatflors.cat\/wp-content\/uploads\/2014\/09\/video-sol.png\" alt=\"video Sol Pic\u00f3\" width=\"350\" height=\"200\" srcset=\"https:\/\/old.mercatflors.cat\/wp-content\/uploads\/2014\/09\/video-sol.png 350w, https:\/\/old.mercatflors.cat\/wp-content\/uploads\/2014\/09\/video-sol-223x127.png 223w\" sizes=\"(max-width: 350px) 100vw, 350px\" \/><\/p>\n<p>El jurado, compuesto por Cesc Casades\u00fas, Beatriu Daniel, \u00c1lvaro de la Pe\u00f1a y\u00a0B\u00e0rbara Raubert, ha acordado\u00a0otorgar por unanimidad el Premi Ciutat de Barcelona de Danza a Sol Pic\u00f3 <em>porque en el a\u00f1o del vig\u00e9simo\u00a0aniversario de su compa\u00f1\u00eda, demuestra con\u00a0diferentes espect\u00e1culos que se puede conducir una carrera art\u00edstica con\u00a0rigor, alegr\u00eda y\u00a0calidad. Los proyectos\u00a0son fruto de su talento, un trabajo en equipo, la implicaci\u00f3n con\u00a0la ciudad\u00a0y el barrio, as\u00ed como la colaboraci\u00f3n con\u00a0otros artistas.<\/em><\/p>\n<p>Tambi\u00e9n se ha hecho\u00a0menci\u00f3n a nunArt <em>por haber puesto en marcha\u00a0con entusiasmo un espacio abierto a la creaci\u00f3n y\u00a0gestionado aut\u00f3nomamente desde la transversalidad art\u00edstica y\u00a0el esp\u00edritu cooperativo<\/em>.<\/p>\n<p>Con\u00a0casi una treintena de espect\u00e1culos, la bailarina y\u00a0core\u00f3grafa Sol Pic\u00f3 ha presentado numerosos trabajos\u00a0en el Mercat de les Flors. Entre otros, Pic\u00f3 tambi\u00e9n ha recibido el Premi Nacional de Dansa de la Generalitat de Catalunya.<\/p>\n<p><span style=\"text-decoration: underline; color: #0000ff;\"><a style=\"color: #0000ff; text-decoration: underline;\" href=\"http:\/\/www.solpico.com\">www.solpico.com<\/a><\/span><\/p>\n","protected":false},"excerpt":{"rendered":"<p>El jurado, compuesto por Cesc Casades\u00fas, Beatriu Daniel, \u00c1lvaro de [&hellip;]<\/p>\n","protected":false},"author":1,"featured_media":0,"comment_status":"open","ping_status":"open","sticky":false,"template":"","format":"standard","meta":[],"categories":[16],"tags":[],"_links":{"self":[{"href":"https:\/\/old.mercatflors.cat\/es\/wp-json\/wp\/v2\/posts\/14417\/"}],"collection":[{"href":"https:\/\/old.mercatflors.cat\/es\/wp-json\/wp\/v2\/posts\/"}],"about":[{"href":"https:\/\/old.mercatflors.cat\/es\/wp-json\/wp\/v2\/types\/post\/"}],"author":[{"embeddable":true,"href":"https:\/\/old.mercatflors.cat\/es\/wp-json\/wp\/v2\/users\/1\/"}],"replies":[{"embeddable":true,"href":"https:\/\/old.mercatflors.cat\/es\/wp-json\/wp\/v2\/comments\/?post=14417"}],"version-history":[{"count":0,"href":"https:\/\/old.mercatflors.cat\/es\/wp-json\/wp\/v2\/posts\/14417\/revisions\/"}],"wp:attachment":[{"href":"https:\/\/old.mercatflors.cat\/es\/wp-json\/wp\/v2\/media\/?parent=14417"}],"wp:term":[{"taxonomy":"category","embeddable":true,"href":"https:\/\/old.mercatflors.cat\/es\/wp-json\/wp\/v2\/categories\/?post=14417"},{"taxonomy":"post_tag","embeddable":true,"href":"https:\/\/old.mercatflors.cat\/es\/wp-json\/wp\/v2\/tags\/?post=14417"}],"curies":[{"name":"wp","href":"https:\/\/api.w.org\/{rel}","templated":true}]}}