{"id":14508,"date":"2015-02-06T18:34:53","date_gmt":"2015-02-06T17:34:53","guid":{"rendered":"https:\/\/old.mercatflors.cat\/?p=14508"},"modified":"2015-02-23T11:47:14","modified_gmt":"2015-02-23T10:47:14","slug":"el-mercat-de-les-flors-acoge-el-festival-lart-impossible-la-inclusion-hecha-arte","status":"publish","type":"post","link":"https:\/\/old.mercatflors.cat\/es\/actualidad\/el-mercat-de-les-flors-acoge-el-festival-lart-impossible-la-inclusion-hecha-arte\/","title":{"rendered":"El Mercat de les Flors acoge el festival L&#8217;Art Impossible, la inclusi\u00f3n hecha arte"},"content":{"rendered":"<p>El pr\u00f3ximo 14 de febrero el Mercat de les Flors acoger\u00e1 la primera edici\u00f3n de L&#8217;Art Impossible, un festival art\u00edstico donde las artes pl\u00e1sticas y esc\u00e9nicas se convierten en el veh\u00edculo de transformaci\u00f3n de personas con y sin discapacidad que actuar\u00e1n, crear\u00e1n y comunicar\u00e1n.<\/p>\n<p>El programa cuenta con el jazz de Ignasi Terraza, Nono Fern\u00e1ndez y Xavi Hinojosa, Tirabol, la percusi\u00f3n &#8220;Drum Circle&#8221; de Santi Carcasona, la danza de Jordi Cort\u00e9s, el teatro de Brots-Pallapupas, la dinamizaci\u00f3n como presentadores de TEBVist y las propuestas de artes pl\u00e1sticas de Artistas Diversos con la presencia de Teresa Jord\u00e0 i Susospai. Tambi\u00e9n habr\u00e1 presentadores muy especiales como Antoni Bassas o componentes del grupo Las Migas.<\/p>\n<p>L&#8217;Art Impossible nace de la fusi\u00f3n de dos proyectos independientes que el Instituto Municipal de Personas con Discapacidad ha coordinado con el fin de dar forma a un gran acontecimiento de la cultura inclusiva en la ciudad de Barcelona. La organizaci\u00f3n ha ido a cargo de la asociaci\u00f3n Artistas Diversos y Jordi Estrada, con la financiaci\u00f3n y el apoyo t\u00e9cnico del Instituto Municipal de Personas con Discapacidad.<\/p>\n<p><em>P<\/em><em>ara asistir a las actividades programadas a la Sala Ovidi Montllor del Mercat de les Flors hay que hacer reserva previa al correo electr\u00f3nico <a href=\"mailto:lartimpossible@gmail.com\">lartimpossible@gmail.com<\/a> o al tel\u00e9fono 650 525 353, indicando el bloque o bloques al que\/a los que se desea asistir.<\/em><\/p>\n<p>Consultad el programa<a href=\"http:\/\/w110.bcn.cat\/portal\/site\/BarcelonaAccessible\/menuitem.3212b99726838ceb13078c9520348a0c\/?vgnextoid=bf11d8cd5095b410VgnVCM1000001947900aRCRD&amp;vgnextfmt=formatDetall&amp;vgnextchannel=0000000290652867VgnV6CONT00000000200RCRD&amp;lang=es_ES%20\" target=\"_blank\"><span style=\"color: #0000ff;\"><strong> AQU\u00cd<\/strong><\/span><\/a><\/p>\n","protected":false},"excerpt":{"rendered":"<p>El pr\u00f3ximo 14 de febrero el Mercat de les Flors [&hellip;]<\/p>\n","protected":false},"author":1,"featured_media":0,"comment_status":"open","ping_status":"open","sticky":false,"template":"","format":"standard","meta":[],"categories":[16],"tags":[],"_links":{"self":[{"href":"https:\/\/old.mercatflors.cat\/es\/wp-json\/wp\/v2\/posts\/14508\/"}],"collection":[{"href":"https:\/\/old.mercatflors.cat\/es\/wp-json\/wp\/v2\/posts\/"}],"about":[{"href":"https:\/\/old.mercatflors.cat\/es\/wp-json\/wp\/v2\/types\/post\/"}],"author":[{"embeddable":true,"href":"https:\/\/old.mercatflors.cat\/es\/wp-json\/wp\/v2\/users\/1\/"}],"replies":[{"embeddable":true,"href":"https:\/\/old.mercatflors.cat\/es\/wp-json\/wp\/v2\/comments\/?post=14508"}],"version-history":[{"count":0,"href":"https:\/\/old.mercatflors.cat\/es\/wp-json\/wp\/v2\/posts\/14508\/revisions\/"}],"wp:attachment":[{"href":"https:\/\/old.mercatflors.cat\/es\/wp-json\/wp\/v2\/media\/?parent=14508"}],"wp:term":[{"taxonomy":"category","embeddable":true,"href":"https:\/\/old.mercatflors.cat\/es\/wp-json\/wp\/v2\/categories\/?post=14508"},{"taxonomy":"post_tag","embeddable":true,"href":"https:\/\/old.mercatflors.cat\/es\/wp-json\/wp\/v2\/tags\/?post=14508"}],"curies":[{"name":"wp","href":"https:\/\/api.w.org\/{rel}","templated":true}]}}