{"id":14652,"date":"2015-02-19T16:47:32","date_gmt":"2015-02-19T15:47:32","guid":{"rendered":"https:\/\/old.mercatflors.cat\/?p=14652"},"modified":"2015-03-23T12:17:35","modified_gmt":"2015-03-23T11:17:35","slug":"convocatoria-para-participar-en-la-seleccion-de-interpretes-de-the-show-must-go-on-de-jerome-bel","status":"publish","type":"post","link":"https:\/\/old.mercatflors.cat\/es\/actualidad\/convocatoria-para-participar-en-la-seleccion-de-interpretes-de-the-show-must-go-on-de-jerome-bel\/","title":{"rendered":"Convocatoria para participar en la selecci\u00f3n de int\u00e9rpretes de &#8216;The show must go on&#8217; de J\u00e9r\u00f4me Bel"},"content":{"rendered":"<p><img decoding=\"async\" loading=\"lazy\" class=\"alignleft size-medium wp-image-11942\" src=\"https:\/\/old.mercatflors.cat\/wp-content\/uploads\/2014\/09\/JeromeBel_790x4901-350x217.jpg\" alt=\"Jerome Bel - The Show must go on\" width=\"350\" height=\"217\" srcset=\"https:\/\/old.mercatflors.cat\/wp-content\/uploads\/2014\/09\/JeromeBel_790x4901-350x217.jpg 350w, https:\/\/old.mercatflors.cat\/wp-content\/uploads\/2014\/09\/JeromeBel_790x4901.jpg 790w\" sizes=\"(max-width: 350px) 100vw, 350px\" \/><\/p>\n<p><strong>Convocatoria para profesionales y\u00a0no profesionales de las artes esc\u00e9nicas para participar en la selecci\u00f3n de int\u00e9rpretes de <em>The show must go on<\/em> de J\u00e9r\u00f4me Bel en el Mercat de les Flors<\/strong><\/p>\n<p>El Mercat de les Flors presenta los d\u00edas 8, 9 y 10 de mayo el espect\u00e1culo <em>The show must go on<\/em> de J\u00e9r\u00f4me Bel en una versi\u00f3n formada por cast local que trabajar\u00e1 con la compa\u00f1\u00eda en per\u00edodo de residencia para preparar la presente edici\u00f3n.<\/p>\n<p>Esta pieza fue creada en 2001 y es una de las obras emblem\u00e1ticas en la carrera de J\u00e9r\u00f4me Bel. El espect\u00e1culo examina la relaci\u00f3n entre el arte y la vida, entre el m\u00e1s coloquial y el m\u00e1s refinado, y desaf\u00eda constantemente las expectativas del espectador. Con <em>The show must go on<\/em>, J\u00e9r\u00f4me Bel disecciona los mecanismos del espect\u00e1culo con una puesta en escena de unos veinte artistas y un DJ que pincha \u00e9xitos musicales de los \u00faltimos treinta a\u00f1os uno detr\u00e1s del otro.<\/p>\n<p>Despu\u00e9s de trabajar en diferentes compa\u00f1\u00edas de danza, J\u00e9r\u00f4me Bel comenz\u00f3 a presentar sus piezas, resultado de acciones y escenograf\u00edas sencillas, sin ning\u00fan tipo de ornamentaci\u00f3n. Est\u00e1 considerado uno de los representantes m\u00e1s destacados del movimiento de la no-danza.<\/p>\n<p>Para la versi\u00f3n de la pieza que se presentar\u00e1 en el Mercat de les Flors se busca reunir a un cast diverso y representativo de Barcelona, por lo que est\u00e1 abierto a personas de todo tipo, condici\u00f3n y capacidad (edad, sexo, condici\u00f3n f\u00edsica, origen social, experiencia profesional, etc).<\/p>\n<p><strong>Se\u00a0podr\u00e1n presentar solicitudes a la convocatoria hasta el 22 de Marzo de 2015.<\/strong>\u00a0Se comunicar\u00e1 el resultado de la selecci\u00f3n a partir del 1 de Abril.<\/p>\n<p><span style=\"text-decoration: underline; color: #0000ff;\"><a style=\"color: #0000ff; text-decoration: underline;\" href=\"https:\/\/old.mercatflors.cat\/wp-content\/uploads\/2015\/02\/CAST-Convocat\u00f2ria-The-show-must-go-on.pdf\" target=\"_blank\">Consulta aqu\u00ed las condiciones de la convocatoria y\u00a0la manera de inscribirse<\/a><\/span><\/p>\n","protected":false},"excerpt":{"rendered":"<p>Convocatoria para profesionales y\u00a0no profesionales de las artes esc\u00e9nicas para [&hellip;]<\/p>\n","protected":false},"author":1,"featured_media":0,"comment_status":"open","ping_status":"open","sticky":false,"template":"","format":"standard","meta":[],"categories":[16],"tags":[],"_links":{"self":[{"href":"https:\/\/old.mercatflors.cat\/es\/wp-json\/wp\/v2\/posts\/14652\/"}],"collection":[{"href":"https:\/\/old.mercatflors.cat\/es\/wp-json\/wp\/v2\/posts\/"}],"about":[{"href":"https:\/\/old.mercatflors.cat\/es\/wp-json\/wp\/v2\/types\/post\/"}],"author":[{"embeddable":true,"href":"https:\/\/old.mercatflors.cat\/es\/wp-json\/wp\/v2\/users\/1\/"}],"replies":[{"embeddable":true,"href":"https:\/\/old.mercatflors.cat\/es\/wp-json\/wp\/v2\/comments\/?post=14652"}],"version-history":[{"count":0,"href":"https:\/\/old.mercatflors.cat\/es\/wp-json\/wp\/v2\/posts\/14652\/revisions\/"}],"wp:attachment":[{"href":"https:\/\/old.mercatflors.cat\/es\/wp-json\/wp\/v2\/media\/?parent=14652"}],"wp:term":[{"taxonomy":"category","embeddable":true,"href":"https:\/\/old.mercatflors.cat\/es\/wp-json\/wp\/v2\/categories\/?post=14652"},{"taxonomy":"post_tag","embeddable":true,"href":"https:\/\/old.mercatflors.cat\/es\/wp-json\/wp\/v2\/tags\/?post=14652"}],"curies":[{"name":"wp","href":"https:\/\/api.w.org\/{rel}","templated":true}]}}