{"id":14714,"date":"2015-02-26T12:53:08","date_gmt":"2015-02-26T11:53:08","guid":{"rendered":"https:\/\/old.mercatflors.cat\/?p=14714"},"modified":"2015-03-10T12:49:39","modified_gmt":"2015-03-10T11:49:39","slug":"narinant-en-el-cine","status":"publish","type":"post","link":"https:\/\/old.mercatflors.cat\/es\/actualidad\/narinant-en-el-cine\/","title":{"rendered":"&#8216;Narinant&#8217;, en el cine"},"content":{"rendered":"<p><strong>El pr\u00f3ximo 6 de marzo en los cine Girona<\/strong><\/p>\n<p><em>Narinant<\/em> es el resultado del proyecto de danza social Barris en Dansa, un espect\u00e1culo de danza contempor\u00e1nea interpretado por personas de todas las edades y condiciones, de diversos barrios \u201cc\u00f3mplices\u201d de Barcelona (Les Corts, La Sagrera, Bes\u00f2s\/La Mina).<\/p>\n<p>Y de este proceso de trabajo, desde los ensayos hasta su estreno, el realizador Antonio Cort\u00e9s ha hecho un documental que se podr\u00e1 ver en los cines Girona el pr\u00f3ximo viernes 6 de marzo a las 20:30 h.<\/p>\n<p>Barris en Dansa est\u00e1\u00a0dirigido por \u00c1lvaro de la Pe\u00f1a, socio fundador de La Caldera,\u00a0que recibi\u00f3 el Premio Ciutat de Barcelona 2012 en la categor\u00eda de danza por este treball coreogr\u00e1fico, profesional, pedag\u00f3gico y social.<\/p>\n<p>Trailer de la pel\u00edcula <a href=\"http:\/\/youtu.be\/KG3oGtaZ4n4\" target=\"_blank\"><span style=\"color: #0000ff;\"><strong>AQU\u00cd<\/strong><\/span><\/a><\/p>\n","protected":false},"excerpt":{"rendered":"<p>El pr\u00f3ximo 6 de marzo en los cine Girona Narinant [&hellip;]<\/p>\n","protected":false},"author":1,"featured_media":0,"comment_status":"open","ping_status":"open","sticky":false,"template":"","format":"standard","meta":[],"categories":[16],"tags":[],"_links":{"self":[{"href":"https:\/\/old.mercatflors.cat\/es\/wp-json\/wp\/v2\/posts\/14714\/"}],"collection":[{"href":"https:\/\/old.mercatflors.cat\/es\/wp-json\/wp\/v2\/posts\/"}],"about":[{"href":"https:\/\/old.mercatflors.cat\/es\/wp-json\/wp\/v2\/types\/post\/"}],"author":[{"embeddable":true,"href":"https:\/\/old.mercatflors.cat\/es\/wp-json\/wp\/v2\/users\/1\/"}],"replies":[{"embeddable":true,"href":"https:\/\/old.mercatflors.cat\/es\/wp-json\/wp\/v2\/comments\/?post=14714"}],"version-history":[{"count":0,"href":"https:\/\/old.mercatflors.cat\/es\/wp-json\/wp\/v2\/posts\/14714\/revisions\/"}],"wp:attachment":[{"href":"https:\/\/old.mercatflors.cat\/es\/wp-json\/wp\/v2\/media\/?parent=14714"}],"wp:term":[{"taxonomy":"category","embeddable":true,"href":"https:\/\/old.mercatflors.cat\/es\/wp-json\/wp\/v2\/categories\/?post=14714"},{"taxonomy":"post_tag","embeddable":true,"href":"https:\/\/old.mercatflors.cat\/es\/wp-json\/wp\/v2\/tags\/?post=14714"}],"curies":[{"name":"wp","href":"https:\/\/api.w.org\/{rel}","templated":true}]}}