{"id":14967,"date":"2015-03-23T17:32:44","date_gmt":"2015-03-23T16:32:44","guid":{"rendered":"https:\/\/old.mercatflors.cat\/?p=14967"},"modified":"2015-04-14T08:22:51","modified_gmt":"2015-04-14T07:22:51","slug":"convocatoria-de-residencia-graner-2016","status":"publish","type":"post","link":"https:\/\/old.mercatflors.cat\/es\/actualidad\/convocatoria-de-residencia-graner-2016\/","title":{"rendered":"Convocatoria de residencia Graner 2016"},"content":{"rendered":"<p>El Graner, centro de creaci\u00f3n e investigaci\u00f3n del lenguaje del cuerpo y del movimiento enmarcado dentro el programa F\u00e1bricas de Creaci\u00f3n del Ayuntamiento de Barcelona y gestionado por el Mercat de les Flors con la colaboraci\u00f3n de la APDC y la ACPDC, abre la primera convocatoria de residencias para proyectos de creaci\u00f3n de cuerpo y movimiento para ser desarrollados en el 2016. El per\u00edodo de la residencia quedar\u00e1 comprendido entre de enero y diciembre de 2016, con un m\u00e1ximo de 12 semanas y un m\u00ednimo de una semana.<\/p>\n<p>Los destinatarios pueden ser personas f\u00edsicas, colectivos, entidades sin \u00e1nimo de lucro y empresas. El per\u00edodo de recepci\u00f3n de proyectos ser\u00e1 del 23 de marzo al 26 de abril de 2015.<\/p>\n<p>M\u00e1s info <a href=\"https:\/\/old.mercatflors.cat\/wp-content\/uploads\/2015\/03\/CONVO-GRANER-2016.pdf\" target=\"_blank\"><strong>AQU\u00cd<\/strong><\/a><\/p>\n<p>&nbsp;<\/p>\n","protected":false},"excerpt":{"rendered":"<p>El Graner, centro de creaci\u00f3n e investigaci\u00f3n del lenguaje del [&hellip;]<\/p>\n","protected":false},"author":1,"featured_media":0,"comment_status":"open","ping_status":"open","sticky":false,"template":"","format":"standard","meta":[],"categories":[16],"tags":[],"_links":{"self":[{"href":"https:\/\/old.mercatflors.cat\/es\/wp-json\/wp\/v2\/posts\/14967\/"}],"collection":[{"href":"https:\/\/old.mercatflors.cat\/es\/wp-json\/wp\/v2\/posts\/"}],"about":[{"href":"https:\/\/old.mercatflors.cat\/es\/wp-json\/wp\/v2\/types\/post\/"}],"author":[{"embeddable":true,"href":"https:\/\/old.mercatflors.cat\/es\/wp-json\/wp\/v2\/users\/1\/"}],"replies":[{"embeddable":true,"href":"https:\/\/old.mercatflors.cat\/es\/wp-json\/wp\/v2\/comments\/?post=14967"}],"version-history":[{"count":0,"href":"https:\/\/old.mercatflors.cat\/es\/wp-json\/wp\/v2\/posts\/14967\/revisions\/"}],"wp:attachment":[{"href":"https:\/\/old.mercatflors.cat\/es\/wp-json\/wp\/v2\/media\/?parent=14967"}],"wp:term":[{"taxonomy":"category","embeddable":true,"href":"https:\/\/old.mercatflors.cat\/es\/wp-json\/wp\/v2\/categories\/?post=14967"},{"taxonomy":"post_tag","embeddable":true,"href":"https:\/\/old.mercatflors.cat\/es\/wp-json\/wp\/v2\/tags\/?post=14967"}],"curies":[{"name":"wp","href":"https:\/\/api.w.org\/{rel}","templated":true}]}}