{"id":15215,"date":"2015-04-09T09:31:57","date_gmt":"2015-04-09T08:31:57","guid":{"rendered":"https:\/\/old.mercatflors.cat\/?p=15215"},"modified":"2015-05-04T11:23:03","modified_gmt":"2015-05-04T10:23:03","slug":"convocatoria-para-la-financiacion-de-un-proyecto-que-trabaje-la-incorporacion-de-la-danza-en-la-sociedad","status":"publish","type":"post","link":"https:\/\/old.mercatflors.cat\/es\/actualidad\/convocatoria-para-la-financiacion-de-un-proyecto-que-trabaje-la-incorporacion-de-la-danza-en-la-sociedad\/","title":{"rendered":"Convocatoria para la financiaci\u00f3n de un proyecto que trabaje la incorporaci\u00f3n de la danza en la sociedad"},"content":{"rendered":"<p>La APdC abre convocatoria para la ayuda de un proyecto que relacione danza y sociedad. Se pueden presentar proyectos que est\u00e9n en activo en la actualidad, y se valorar\u00e1 su impacto social, priorizando aquellos proyectos que trabajen con colectivos con dificultades especiales, la calidad de la propuesta, su viabilidad econ\u00f3mica y la trayectoria profesional de los solicitantes, entre otros.<\/p>\n<p>La ayuda consistir\u00e1 en la recaudaci\u00f3n del taquillaje de la Gala conmemorativa del D\u00eda Internacional de la Danza 2015 que llevar\u00e1 a cabo el Institut del Teatre en el Mercat de les Flors, y en colaboraci\u00f3n con el propio Mercat, el pr\u00f3ximo 29 de abril de 2015. Esta gala estar\u00e1 protagonizada por la compa\u00f1\u00eda IT Dansa y los alumnos de los Conservatorios Profesional y Superior de Danza del Institut del Teatre.<\/p>\n<p>El plazo de presentaci\u00f3n de las propuestas ha finalizado el jueves 15 de abril d. La resoluci\u00f3n de la convocatoria se\u00a0dar\u00e1 a conocer\u00a0el 29 de abril, D\u00eda\u00a0Internacional de la Danza, despu\u00e9s de la funci\u00f3n.<\/p>\n<p>la convocatoria <a href=\"https:\/\/drive.google.com\/file\/d\/0BzCtIhvHluNFV21TWHVnRGtKenM\/view?usp=sharing\" target=\"_blank\"><span style=\"color: #0000ff;\"><strong>AQU\u00cd<\/strong><\/span><\/a><\/p>\n<p>&nbsp;<\/p>\n","protected":false},"excerpt":{"rendered":"<p>La APdC abre convocatoria para la ayuda de un proyecto [&hellip;]<\/p>\n","protected":false},"author":1,"featured_media":0,"comment_status":"open","ping_status":"open","sticky":false,"template":"","format":"standard","meta":[],"categories":[16],"tags":[],"_links":{"self":[{"href":"https:\/\/old.mercatflors.cat\/es\/wp-json\/wp\/v2\/posts\/15215\/"}],"collection":[{"href":"https:\/\/old.mercatflors.cat\/es\/wp-json\/wp\/v2\/posts\/"}],"about":[{"href":"https:\/\/old.mercatflors.cat\/es\/wp-json\/wp\/v2\/types\/post\/"}],"author":[{"embeddable":true,"href":"https:\/\/old.mercatflors.cat\/es\/wp-json\/wp\/v2\/users\/1\/"}],"replies":[{"embeddable":true,"href":"https:\/\/old.mercatflors.cat\/es\/wp-json\/wp\/v2\/comments\/?post=15215"}],"version-history":[{"count":0,"href":"https:\/\/old.mercatflors.cat\/es\/wp-json\/wp\/v2\/posts\/15215\/revisions\/"}],"wp:attachment":[{"href":"https:\/\/old.mercatflors.cat\/es\/wp-json\/wp\/v2\/media\/?parent=15215"}],"wp:term":[{"taxonomy":"category","embeddable":true,"href":"https:\/\/old.mercatflors.cat\/es\/wp-json\/wp\/v2\/categories\/?post=15215"},{"taxonomy":"post_tag","embeddable":true,"href":"https:\/\/old.mercatflors.cat\/es\/wp-json\/wp\/v2\/tags\/?post=15215"}],"curies":[{"name":"wp","href":"https:\/\/api.w.org\/{rel}","templated":true}]}}