{"id":15231,"date":"2015-04-09T15:51:41","date_gmt":"2015-04-09T14:51:41","guid":{"rendered":"https:\/\/old.mercatflors.cat\/?p=15231"},"modified":"2015-04-28T10:55:08","modified_gmt":"2015-04-28T09:55:08","slug":"damos-la-bienvenida-a-la-sala-hiroshima","status":"publish","type":"post","link":"https:\/\/old.mercatflors.cat\/es\/actualidad\/damos-la-bienvenida-a-la-sala-hiroshima\/","title":{"rendered":"Damos la bienvenida a la sala HIROSHIMA"},"content":{"rendered":"<p>Desde el Mercat de les Flors queremos dar la bienvenida a la ciudad y al barrio del Poble Sec a la sala Hiroshima, nuevo espacio de formato\u00a0medio con una programaci\u00f3n que combinar\u00e1 la danza, las artes esc\u00e9nicas contempor\u00e1neas, la m\u00fasica en vivo y talleres de reflexi\u00f3n. Abre sus puertas el jueves 9 de abril.<\/p>\n<p>Ubicado en la calle Vil\u00e0 i Vil\u00e0, Hiroshima cuenta con espacios esc\u00e9nicos polivalentes: bar, una sala de exhibici\u00f3n de artes esc\u00e9nicas (Sala Negra) y una sala preparada para conciertos y m\u00fasica en vivo . La direcci\u00f3n art\u00edstica es a cargo de Gast\u00f3n Core.<\/p>\n<p>\u00a1Felicidades y bienvenida Hiroshima!<\/p>\n<p><a href=\"http:\/\/www.hiroshima.cat\/\" target=\"_blank\"><span style=\"color: #0000ff;\"><strong>Hiroshima<\/strong><\/span><\/a><\/p>\n<p>&nbsp;<\/p>\n","protected":false},"excerpt":{"rendered":"<p>Desde el Mercat de les Flors queremos dar la bienvenida [&hellip;]<\/p>\n","protected":false},"author":1,"featured_media":0,"comment_status":"open","ping_status":"open","sticky":false,"template":"","format":"standard","meta":[],"categories":[16],"tags":[],"_links":{"self":[{"href":"https:\/\/old.mercatflors.cat\/es\/wp-json\/wp\/v2\/posts\/15231\/"}],"collection":[{"href":"https:\/\/old.mercatflors.cat\/es\/wp-json\/wp\/v2\/posts\/"}],"about":[{"href":"https:\/\/old.mercatflors.cat\/es\/wp-json\/wp\/v2\/types\/post\/"}],"author":[{"embeddable":true,"href":"https:\/\/old.mercatflors.cat\/es\/wp-json\/wp\/v2\/users\/1\/"}],"replies":[{"embeddable":true,"href":"https:\/\/old.mercatflors.cat\/es\/wp-json\/wp\/v2\/comments\/?post=15231"}],"version-history":[{"count":0,"href":"https:\/\/old.mercatflors.cat\/es\/wp-json\/wp\/v2\/posts\/15231\/revisions\/"}],"wp:attachment":[{"href":"https:\/\/old.mercatflors.cat\/es\/wp-json\/wp\/v2\/media\/?parent=15231"}],"wp:term":[{"taxonomy":"category","embeddable":true,"href":"https:\/\/old.mercatflors.cat\/es\/wp-json\/wp\/v2\/categories\/?post=15231"},{"taxonomy":"post_tag","embeddable":true,"href":"https:\/\/old.mercatflors.cat\/es\/wp-json\/wp\/v2\/tags\/?post=15231"}],"curies":[{"name":"wp","href":"https:\/\/api.w.org\/{rel}","templated":true}]}}