{"id":15294,"date":"2015-04-20T13:05:15","date_gmt":"2015-04-20T12:05:15","guid":{"rendered":"https:\/\/old.mercatflors.cat\/?p=15294"},"modified":"2015-04-28T10:53:55","modified_gmt":"2015-04-28T09:53:55","slug":"mas-de-200-programadores-europeos-este-fin-de-semana-en-el-mercat-de-les-flors","status":"publish","type":"post","link":"https:\/\/old.mercatflors.cat\/es\/actualidad\/mas-de-200-programadores-europeos-este-fin-de-semana-en-el-mercat-de-les-flors\/","title":{"rendered":"M\u00e1s de 200 programadores europeos, el pasado fin de semana en el Mercat de les Flors"},"content":{"rendered":"<p><strong>Dentro del festival Spring Forward, de la red Aerowaves<\/strong><\/p>\n<p>El Mercat ha acogido este fin de semana, de viernes 17 a domingo 19, un festival de danza que ha presentado los trabajos de 23 compa\u00f1\u00edas de toda Europa seleccionadas por los programadores de la plataforma AEROWAVES. La muestra cuenta con el apoyo del programa de la Uni\u00f3n Europea Europe Creative para impulsar la creaci\u00f3n contempor\u00e1nea.<\/p>\n<p>El festival, que se celebra cada a\u00f1o en una ciudad diferente, ha tenido lugar este a\u00f1o en el Mercat de les Flors, que ha doblado la cifra de programadores inscritos en las anteriores ediciones: m\u00e1s de 200 programadores en una cita importante para la danza contempor\u00e1nea.<\/p>\n<p>En palabras de Francesc Casades\u00fas, director del Mercat de les Flors: <em>Aerowaves es el espacio imprescindible para conocer a los nuevos talentos de la vieja y la nueva Europa<\/em>.<\/p>\n<p>&nbsp;<\/p>\n","protected":false},"excerpt":{"rendered":"<p>Dentro del festival Spring Forward, de la red Aerowaves El [&hellip;]<\/p>\n","protected":false},"author":1,"featured_media":0,"comment_status":"open","ping_status":"open","sticky":false,"template":"","format":"standard","meta":[],"categories":[16],"tags":[],"_links":{"self":[{"href":"https:\/\/old.mercatflors.cat\/es\/wp-json\/wp\/v2\/posts\/15294\/"}],"collection":[{"href":"https:\/\/old.mercatflors.cat\/es\/wp-json\/wp\/v2\/posts\/"}],"about":[{"href":"https:\/\/old.mercatflors.cat\/es\/wp-json\/wp\/v2\/types\/post\/"}],"author":[{"embeddable":true,"href":"https:\/\/old.mercatflors.cat\/es\/wp-json\/wp\/v2\/users\/1\/"}],"replies":[{"embeddable":true,"href":"https:\/\/old.mercatflors.cat\/es\/wp-json\/wp\/v2\/comments\/?post=15294"}],"version-history":[{"count":0,"href":"https:\/\/old.mercatflors.cat\/es\/wp-json\/wp\/v2\/posts\/15294\/revisions\/"}],"wp:attachment":[{"href":"https:\/\/old.mercatflors.cat\/es\/wp-json\/wp\/v2\/media\/?parent=15294"}],"wp:term":[{"taxonomy":"category","embeddable":true,"href":"https:\/\/old.mercatflors.cat\/es\/wp-json\/wp\/v2\/categories\/?post=15294"},{"taxonomy":"post_tag","embeddable":true,"href":"https:\/\/old.mercatflors.cat\/es\/wp-json\/wp\/v2\/tags\/?post=15294"}],"curies":[{"name":"wp","href":"https:\/\/api.w.org\/{rel}","templated":true}]}}