{"id":15363,"date":"2015-04-30T13:17:16","date_gmt":"2015-04-30T12:17:16","guid":{"rendered":"https:\/\/old.mercatflors.cat\/?p=15363"},"modified":"2015-08-31T14:59:21","modified_gmt":"2015-08-31T13:59:21","slug":"dones-teixint-xarxa-proyecto-ganador-de-dansa-solidaria","status":"publish","type":"post","link":"https:\/\/old.mercatflors.cat\/es\/actualidad\/dones-teixint-xarxa-proyecto-ganador-de-dansa-solidaria\/","title":{"rendered":"&#8216;Dones teixint xarxa&#8217;, proyecto ganador de Dansa Solid\u00e0ria"},"content":{"rendered":"<p>Con motivo del D\u00eda Internacional de la Danza el Institut del Teatre y el Mercat de les Flors han organizado un proyecto que tiene el objetivo de contribuir a la mejora de la calidad de vida de aquellos que m\u00e1s lo necesitan: DANZA SOLIDARIA. Este proyecto consiste en la representaci\u00f3n de un espect\u00e1culo a cargo de IT Dansa (Joven Compa\u00f1\u00eda del Institut del Teatre), de alumnos de los Conservatorios Superior y Profesional de Dansa y los beneficios de la representaci\u00f3n del espect\u00e1culo se destinar\u00e1n a un proyecto solidario que relacione danza y sociedad.<\/p>\n<p>La selecci\u00f3n de este proyecto, que se ha realizado conjuntamente con la APdC, se ha dado a conocer al terminar la funci\u00f3n (que ha tenido lugar el D\u00eda Internacional de la Danza) en el Mercat: se trata de\u00a0<em>Dones teixint xarxa. El repte de tornar a comen\u00e7ar, <\/em>que ha presentado Eva Bellart. Este es un proyecto d\u2019empoderamiento y\u00a0fortalecimiento de las relaciones de igualdad\u00a0y prevenci\u00f3n de la violencia de g\u00e9nero, de mujeres en situaci\u00f3n de vulnerabilidad\u00a0y\/o riesgo de exclusi\u00f3n en centros penitenciarios.<\/p>\n<p><img decoding=\"async\" loading=\"lazy\" class=\"alignleft size-medium wp-image-15361\" src=\"https:\/\/old.mercatflors.cat\/wp-content\/uploads\/2015\/04\/Projecte-guanyador-Dansa-Solid\u00e0ria-2015-IT-4.-Foto-Mart\u00edn-Ramiro-350x233.jpg\" alt=\"Projecte guanyador Dansa Solid\u00e0ria 2015 IT (4). Foto Mart\u00edn Ramiro\" width=\"350\" height=\"233\" srcset=\"https:\/\/old.mercatflors.cat\/wp-content\/uploads\/2015\/04\/Projecte-guanyador-Dansa-Solid\u00e0ria-2015-IT-4.-Foto-Mart\u00edn-Ramiro-350x233.jpg 350w, https:\/\/old.mercatflors.cat\/wp-content\/uploads\/2015\/04\/Projecte-guanyador-Dansa-Solid\u00e0ria-2015-IT-4.-Foto-Mart\u00edn-Ramiro-734x490.jpg 734w, https:\/\/old.mercatflors.cat\/wp-content\/uploads\/2015\/04\/Projecte-guanyador-Dansa-Solid\u00e0ria-2015-IT-4.-Foto-Mart\u00edn-Ramiro.jpg 1024w\" sizes=\"(max-width: 350px) 100vw, 350px\" \/><\/p>\n","protected":false},"excerpt":{"rendered":"<p>Con motivo del D\u00eda Internacional de la Danza el Institut [&hellip;]<\/p>\n","protected":false},"author":1,"featured_media":0,"comment_status":"open","ping_status":"open","sticky":false,"template":"","format":"standard","meta":[],"categories":[16],"tags":[],"_links":{"self":[{"href":"https:\/\/old.mercatflors.cat\/es\/wp-json\/wp\/v2\/posts\/15363\/"}],"collection":[{"href":"https:\/\/old.mercatflors.cat\/es\/wp-json\/wp\/v2\/posts\/"}],"about":[{"href":"https:\/\/old.mercatflors.cat\/es\/wp-json\/wp\/v2\/types\/post\/"}],"author":[{"embeddable":true,"href":"https:\/\/old.mercatflors.cat\/es\/wp-json\/wp\/v2\/users\/1\/"}],"replies":[{"embeddable":true,"href":"https:\/\/old.mercatflors.cat\/es\/wp-json\/wp\/v2\/comments\/?post=15363"}],"version-history":[{"count":0,"href":"https:\/\/old.mercatflors.cat\/es\/wp-json\/wp\/v2\/posts\/15363\/revisions\/"}],"wp:attachment":[{"href":"https:\/\/old.mercatflors.cat\/es\/wp-json\/wp\/v2\/media\/?parent=15363"}],"wp:term":[{"taxonomy":"category","embeddable":true,"href":"https:\/\/old.mercatflors.cat\/es\/wp-json\/wp\/v2\/categories\/?post=15363"},{"taxonomy":"post_tag","embeddable":true,"href":"https:\/\/old.mercatflors.cat\/es\/wp-json\/wp\/v2\/tags\/?post=15363"}],"curies":[{"name":"wp","href":"https:\/\/api.w.org\/{rel}","templated":true}]}}