{"id":15459,"date":"2015-05-12T15:01:27","date_gmt":"2015-05-12T14:01:27","guid":{"rendered":"https:\/\/old.mercatflors.cat\/?p=15459"},"modified":"2015-08-31T14:58:26","modified_gmt":"2015-08-31T13:58:26","slug":"el-proyecto-educativo-tots-dansen-se-expande-por-todo-el-territorio","status":"publish","type":"post","link":"https:\/\/old.mercatflors.cat\/es\/actualidad\/el-proyecto-educativo-tots-dansen-se-expande-por-todo-el-territorio\/","title":{"rendered":"El proyecto educativo TOTS DANSEN se expande por todo el territorio"},"content":{"rendered":"<p><img decoding=\"async\" loading=\"lazy\" class=\"alignleft size-medium wp-image-15455\" src=\"https:\/\/old.mercatflors.cat\/wp-content\/uploads\/2015\/05\/IMG_20150508_134536-350x210.jpg\" alt=\"Tots Dansen a Vilanova\" width=\"350\" height=\"210\" srcset=\"https:\/\/old.mercatflors.cat\/wp-content\/uploads\/2015\/05\/IMG_20150508_134536-350x210.jpg 350w, https:\/\/old.mercatflors.cat\/wp-content\/uploads\/2015\/05\/IMG_20150508_134536-790x474.jpg 790w\" sizes=\"(max-width: 350px) 100vw, 350px\" \/><\/p>\n<p>Los pasados 7 y\u00a08 de Mayo\u00a0tuvieron lugar\u00a0en el Teatre Principal de Vilanova i la Geltr\u00fa las funciones del Tots Dansen, organizado por el Mercat de les Flors y\u00a0el Consorci Transversal Xarxa d\u2019Activitats Culturals. El programa representa una extensi\u00f3n en\u00a0Catalunya del\u00a0<em>Tot Dansa<\/em> de \u00e1mbito barcelon\u00e9s, un proyecto de pr\u00e1ctica art\u00edstica dirigido a alumnos de secundaria y\u00a0bachillerato p\u00fablicos.<\/p>\n<p>En funciones escolares al mediod\u00eda y\u00a0abiertas al p\u00fablico por la tarde, los alumnos de los IES Dolors Mallafr\u00e9 y\u00a0Manel de Cabanes pudieron mostrar desde el escenario la coreograf\u00eda creada por Toni Mira, director art\u00edstico del proyecto. Es el primer a\u00f1o que Vilanova i la Geltr\u00fa participa en la iniciativa.<\/p>\n<p>Este a\u00f1o, adem\u00e1s de la capital del Garraf, hay 4 municipios m\u00e1s donde se lleva a cabo el\u00a0proyecto: Olot y\u00a0Sant Cugat del Vall\u00e8s (donde tambi\u00e9n se ha realizado\u00a0ya el Tots Dansen) y\u00a0Matar\u00f3 y\u00a0Granollers, que lo acoger\u00e1n los pr\u00f3ximos 15 y\u00a022 de Mayo\u00a0respectivamente<\/p>\n<p><a href=\"https:\/\/old.mercatflors.cat\/es\/proyecto-tot-dansa-tots-dansen-2014-15\/\"><span style=\"text-decoration: underline; color: #0000ff;\">Toda la info del proyecto educativo TOTS DANSEN aqu\u00ed<\/span><\/a><\/p>\n","protected":false},"excerpt":{"rendered":"<p>Los pasados 7 y\u00a08 de Mayo\u00a0tuvieron lugar\u00a0en el Teatre Principal [&hellip;]<\/p>\n","protected":false},"author":1,"featured_media":0,"comment_status":"open","ping_status":"open","sticky":false,"template":"","format":"standard","meta":[],"categories":[16],"tags":[],"_links":{"self":[{"href":"https:\/\/old.mercatflors.cat\/es\/wp-json\/wp\/v2\/posts\/15459\/"}],"collection":[{"href":"https:\/\/old.mercatflors.cat\/es\/wp-json\/wp\/v2\/posts\/"}],"about":[{"href":"https:\/\/old.mercatflors.cat\/es\/wp-json\/wp\/v2\/types\/post\/"}],"author":[{"embeddable":true,"href":"https:\/\/old.mercatflors.cat\/es\/wp-json\/wp\/v2\/users\/1\/"}],"replies":[{"embeddable":true,"href":"https:\/\/old.mercatflors.cat\/es\/wp-json\/wp\/v2\/comments\/?post=15459"}],"version-history":[{"count":0,"href":"https:\/\/old.mercatflors.cat\/es\/wp-json\/wp\/v2\/posts\/15459\/revisions\/"}],"wp:attachment":[{"href":"https:\/\/old.mercatflors.cat\/es\/wp-json\/wp\/v2\/media\/?parent=15459"}],"wp:term":[{"taxonomy":"category","embeddable":true,"href":"https:\/\/old.mercatflors.cat\/es\/wp-json\/wp\/v2\/categories\/?post=15459"},{"taxonomy":"post_tag","embeddable":true,"href":"https:\/\/old.mercatflors.cat\/es\/wp-json\/wp\/v2\/tags\/?post=15459"}],"curies":[{"name":"wp","href":"https:\/\/api.w.org\/{rel}","templated":true}]}}