{"id":15469,"date":"2015-05-12T16:29:27","date_gmt":"2015-05-12T15:29:27","guid":{"rendered":"https:\/\/old.mercatflors.cat\/?p=15469"},"modified":"2015-10-14T09:07:42","modified_gmt":"2015-10-14T08:07:42","slug":"ejercicios-de-ocupacion-nuevo-volumen-de-la-coleccion-cuerpo-de-letra","status":"publish","type":"post","link":"https:\/\/old.mercatflors.cat\/es\/actualidad\/ejercicios-de-ocupacion-nuevo-volumen-de-la-coleccion-cuerpo-de-letra\/","title":{"rendered":"&#8220;Ejercicios de ocupaci\u00f3n&#8221;, nuevo volumen de la colecci\u00f3n Cuerpo de Letra"},"content":{"rendered":"<p><img decoding=\"async\" loading=\"lazy\" class=\"alignleft wp-image-15471\" src=\"https:\/\/old.mercatflors.cat\/wp-content\/uploads\/2015\/05\/ejercicios-de-ocupaci\u00f3n_frontcover-337x490.jpg\" alt=\"Ejercicios de Ocupacion - Cos de lletra - Mercat de les Flors\" width=\"250\" height=\"363\" \/><\/p>\n<p>A cargo de Quim Pujol e Ixiar Rozas, <em>Ejercicios de ocupaci\u00f3n,<\/em> nuevo volumen de la colecci\u00f3n <em>Cuerpo de Letra<\/em> recupera, por un lado, dos textos de autores claves en el desarrollo del discurso sobre los afectos de las \u00faltimas d\u00e9cadas (Brian Massumi y Eve Kosofsky Sedgwick), y por otro presenta una serie de art\u00edculos sobre la dimensi\u00f3n afectiva, todos ellos escritos para este libro.<\/p>\n<p>Estos textos pretenden relanzar el debate alrededor de los afectos en relaci\u00f3n con el momento presente. Recuperar la consciencia de c\u00f3mo nuestros cuerpos son ocupados y son capaces de ocupar otros cuerpos nos permite pensar formas de hacer y vivir que no reproducen la asimilaci\u00f3n tautol\u00f3gica entre realidad y capitalismo.<\/p>\n<p>Como el lenguaje tambi\u00e9n es afectivo, <em>Ejercicios de ocupaci\u00f3n<\/em> adquiere a veces un tono po\u00e9tico. Nos encontramos con un conjunto de textos r\u00edtmicos, an\u00f3malos y vibracionales.<\/p>\n<p>El libro, una edici\u00f3n conjunta entre el Mercat de les Flors y el Institut del Teatre y con la colaboraci\u00f3n de Ediciones Pol\u00edgrafa.<\/p>\n<p><em>Cuerpo de Letra<\/em> es una colecci\u00f3n de danza y pensamiento que cuenta ya con 5 vol\u00famenes, escritos por te\u00f3ricos de la danza y el hecho esc\u00e9nico tan relevantes como Andr\u00e9 Lepecki, Ana Buitrago, Isabel de Naver\u00e1n y Roberto Fratini.<\/p>\n<p>+ info Cuerpo de Letra <span style=\"color: #0000ff;\"><strong><a href=\"https:\/\/old.mercatflors.cat\/es\/publicaciones-y-audiovisuales\/cuerpo-de-letra\/\" target=\"_blank\">AQU\u00cd<\/a><\/strong><\/span><\/p>\n","protected":false},"excerpt":{"rendered":"<p>A cargo de Quim Pujol e Ixiar Rozas, Ejercicios de [&hellip;]<\/p>\n","protected":false},"author":1,"featured_media":0,"comment_status":"open","ping_status":"open","sticky":false,"template":"","format":"standard","meta":[],"categories":[16],"tags":[],"_links":{"self":[{"href":"https:\/\/old.mercatflors.cat\/es\/wp-json\/wp\/v2\/posts\/15469\/"}],"collection":[{"href":"https:\/\/old.mercatflors.cat\/es\/wp-json\/wp\/v2\/posts\/"}],"about":[{"href":"https:\/\/old.mercatflors.cat\/es\/wp-json\/wp\/v2\/types\/post\/"}],"author":[{"embeddable":true,"href":"https:\/\/old.mercatflors.cat\/es\/wp-json\/wp\/v2\/users\/1\/"}],"replies":[{"embeddable":true,"href":"https:\/\/old.mercatflors.cat\/es\/wp-json\/wp\/v2\/comments\/?post=15469"}],"version-history":[{"count":0,"href":"https:\/\/old.mercatflors.cat\/es\/wp-json\/wp\/v2\/posts\/15469\/revisions\/"}],"wp:attachment":[{"href":"https:\/\/old.mercatflors.cat\/es\/wp-json\/wp\/v2\/media\/?parent=15469"}],"wp:term":[{"taxonomy":"category","embeddable":true,"href":"https:\/\/old.mercatflors.cat\/es\/wp-json\/wp\/v2\/categories\/?post=15469"},{"taxonomy":"post_tag","embeddable":true,"href":"https:\/\/old.mercatflors.cat\/es\/wp-json\/wp\/v2\/tags\/?post=15469"}],"curies":[{"name":"wp","href":"https:\/\/api.w.org\/{rel}","templated":true}]}}