{"id":15575,"date":"2015-05-19T12:40:54","date_gmt":"2015-05-19T11:40:54","guid":{"rendered":"https:\/\/old.mercatflors.cat\/?p=15575"},"modified":"2015-07-31T16:18:47","modified_gmt":"2015-07-31T15:18:47","slug":"artistas-y-espectaculos-muy-vinculados-al-mercat-reciben-diferentes-premios-max","status":"publish","type":"post","link":"https:\/\/old.mercatflors.cat\/es\/actualidad\/artistas-y-espectaculos-muy-vinculados-al-mercat-reciben-diferentes-premios-max\/","title":{"rendered":"Artistas y espect\u00e1culos muy vinculados al Mercat reciben diferentes premios MAX"},"content":{"rendered":"<p>La 18ena edici\u00f3n de los Premios Max de las Artes Esc\u00e9nicas, celebrada este lunes 18 de mayo en la sala Barts de Barcelona, ha otorgado diversos premios a artistas y espect\u00e1culos que se han visto en el Mercat en temporadas anteriores, que est\u00e1n previstos para la pr\u00f3xima o que hemos acompa\u00f1ado en su creaci\u00f3n.<\/p>\n<p>As\u00ed pues, han sido galardonadas con un premio MAX dos coproducciones del Mercat: el premio a la mejor coreograf\u00eda ha sido para <strong>Roc\u00edo Molina<\/strong> con el espect\u00e1culo <em>Bosque Ardo<\/em>ra, y el premio al mejor espect\u00e1culo de danza se ha otorgado a <em>Free Fall<\/em> (<em>Ca\u00edda libre<\/em>) de <strong>Sharon Fridman<\/strong>.<\/p>\n<p>El premio al mejor bailar\u00edn lo ha recibido <strong>Israel Galv\u00e1n<\/strong> por su obra <em>Fla-co-men<\/em>, artista asociado que veremos de nuevo la pr\u00f3xima temporada en el Mercat de les Flors; <em>Dot<\/em>, de la compa\u00f1\u00eda <strong>Maduixa Teatre,<\/strong> \u00a0ha obtenido el premio al mejor espect\u00e1culo infantil, obra que estuvo la pasada temporada en el Mercat y que podremos volver a ver pr\u00f3ximamente. Y por \u00faltimo, el premio a la mejor bailarina ha sido para <strong>Olga Pericet<\/strong> por <em>Pisadas<\/em>, espect\u00e1culo que estuvo ensayando en la f\u00e1brica de creaci\u00f3n Graner, gestionada por el Mercat de les Flors.<\/p>\n<p>Felicidades a todos ellos, y encantados de acompa\u00f1arlos.<\/p>\n","protected":false},"excerpt":{"rendered":"<p>La 18ena edici\u00f3n de los Premios Max de las Artes [&hellip;]<\/p>\n","protected":false},"author":1,"featured_media":0,"comment_status":"open","ping_status":"open","sticky":false,"template":"","format":"standard","meta":[],"categories":[16],"tags":[],"_links":{"self":[{"href":"https:\/\/old.mercatflors.cat\/es\/wp-json\/wp\/v2\/posts\/15575\/"}],"collection":[{"href":"https:\/\/old.mercatflors.cat\/es\/wp-json\/wp\/v2\/posts\/"}],"about":[{"href":"https:\/\/old.mercatflors.cat\/es\/wp-json\/wp\/v2\/types\/post\/"}],"author":[{"embeddable":true,"href":"https:\/\/old.mercatflors.cat\/es\/wp-json\/wp\/v2\/users\/1\/"}],"replies":[{"embeddable":true,"href":"https:\/\/old.mercatflors.cat\/es\/wp-json\/wp\/v2\/comments\/?post=15575"}],"version-history":[{"count":0,"href":"https:\/\/old.mercatflors.cat\/es\/wp-json\/wp\/v2\/posts\/15575\/revisions\/"}],"wp:attachment":[{"href":"https:\/\/old.mercatflors.cat\/es\/wp-json\/wp\/v2\/media\/?parent=15575"}],"wp:term":[{"taxonomy":"category","embeddable":true,"href":"https:\/\/old.mercatflors.cat\/es\/wp-json\/wp\/v2\/categories\/?post=15575"},{"taxonomy":"post_tag","embeddable":true,"href":"https:\/\/old.mercatflors.cat\/es\/wp-json\/wp\/v2\/tags\/?post=15575"}],"curies":[{"name":"wp","href":"https:\/\/api.w.org\/{rel}","templated":true}]}}