{"id":15771,"date":"2015-06-04T14:18:28","date_gmt":"2015-06-04T13:18:28","guid":{"rendered":"https:\/\/old.mercatflors.cat\/?p=15771"},"modified":"2015-07-31T16:18:26","modified_gmt":"2015-07-31T15:18:26","slug":"audicion-para-la-compania-sebastian-garcia-ferro","status":"publish","type":"post","link":"https:\/\/old.mercatflors.cat\/es\/actualidad\/audicion-para-la-compania-sebastian-garcia-ferro\/","title":{"rendered":"Audici\u00f3n para la Compa\u00f1\u00eda Sebasti\u00e1n Garc\u00eda Ferro"},"content":{"rendered":"<p><img decoding=\"async\" loading=\"lazy\" class=\"alignleft size-large wp-image-15767\" src=\"https:\/\/old.mercatflors.cat\/wp-content\/uploads\/2015\/06\/imagen-45_web-790x350.jpg\" alt=\"imagen+45_web\" width=\"790\" height=\"350\" srcset=\"https:\/\/old.mercatflors.cat\/wp-content\/uploads\/2015\/06\/imagen-45_web-790x350.jpg 790w, https:\/\/old.mercatflors.cat\/wp-content\/uploads\/2015\/06\/imagen-45_web-350x155.jpg 350w, https:\/\/old.mercatflors.cat\/wp-content\/uploads\/2015\/06\/imagen-45_web.jpg 1500w\" sizes=\"(max-width: 790px) 100vw, 790px\" \/><\/p>\n<p>La compa\u00f1\u00eda Sebasti\u00e1n Garc\u00eda Ferro convoca una audici\u00f3n abierta en Barcelona para el proyecto <em>+45<\/em>, <strong>una coproducci\u00f3n del Mercat de les Flors, el Festival Grec y el Festival Sism\u00f2graf<\/strong> que se estrenar\u00e1 el pr\u00f3ximo mes de abril de 2016.<\/p>\n<p>La compa\u00f1\u00eda busca bailarines y bailarinas profesionales de danza contempor\u00e1nea, flamenco, hip hop, etc., mayores de 45 a\u00f1os (esta es condici\u00f3n excluyente). El per\u00edodo de ensayos previsto ser\u00e1 de enero a marzo de 2016 en Barcelona.<\/p>\n<p><strong>La audici\u00f3n tendr\u00e1 lugar el s\u00e1bado 4 de julio a las 10 h en La Caldera lesCorts<\/strong> (C\/Eugeni d\u2019Ors 12, Barcelona).<\/p>\n<p>Los interesados deben enviar un CV antes del 26 de junio de 2015 a\u00a0<span style=\"text-decoration: underline; color: #0000ff;\"><a style=\"color: #0000ff; text-decoration: underline;\" href=\"mailto:sebastiangarciaferro@gmail.com\">sebastiangarciaferro@gmail.com<\/a><\/span> \/ <span style=\"text-decoration: underline; color: #0000ff;\"><a style=\"color: #0000ff;\" href=\"mailto:mimazio@gmail.com\">mimazio@gmail.com<\/a>\u00a0<\/span><\/p>\n<p><em>+45<\/em> cuenta <strong>con el apoyo<\/strong> de La Caldera lesCorts, Ayuntamiento de Matar\u00f3, Teatre Kursaal de Manresa, Centro C\u00edvico Can Felipa, Centro C\u00edvico Barceloneta, L\u2019Estruch de Sabadell<\/p>\n<p><span style=\"text-decoration: underline; color: #0000ff;\"><a style=\"color: #0000ff; text-decoration: underline;\" href=\"http:\/\/www.lacaldera.info\/\">www.lacaldera.info<\/a><\/span><\/p>\n","protected":false},"excerpt":{"rendered":"<p>La compa\u00f1\u00eda Sebasti\u00e1n Garc\u00eda Ferro convoca una audici\u00f3n abierta en [&hellip;]<\/p>\n","protected":false},"author":1,"featured_media":0,"comment_status":"open","ping_status":"open","sticky":false,"template":"","format":"standard","meta":[],"categories":[16],"tags":[],"_links":{"self":[{"href":"https:\/\/old.mercatflors.cat\/es\/wp-json\/wp\/v2\/posts\/15771\/"}],"collection":[{"href":"https:\/\/old.mercatflors.cat\/es\/wp-json\/wp\/v2\/posts\/"}],"about":[{"href":"https:\/\/old.mercatflors.cat\/es\/wp-json\/wp\/v2\/types\/post\/"}],"author":[{"embeddable":true,"href":"https:\/\/old.mercatflors.cat\/es\/wp-json\/wp\/v2\/users\/1\/"}],"replies":[{"embeddable":true,"href":"https:\/\/old.mercatflors.cat\/es\/wp-json\/wp\/v2\/comments\/?post=15771"}],"version-history":[{"count":0,"href":"https:\/\/old.mercatflors.cat\/es\/wp-json\/wp\/v2\/posts\/15771\/revisions\/"}],"wp:attachment":[{"href":"https:\/\/old.mercatflors.cat\/es\/wp-json\/wp\/v2\/media\/?parent=15771"}],"wp:term":[{"taxonomy":"category","embeddable":true,"href":"https:\/\/old.mercatflors.cat\/es\/wp-json\/wp\/v2\/categories\/?post=15771"},{"taxonomy":"post_tag","embeddable":true,"href":"https:\/\/old.mercatflors.cat\/es\/wp-json\/wp\/v2\/tags\/?post=15771"}],"curies":[{"name":"wp","href":"https:\/\/api.w.org\/{rel}","templated":true}]}}