{"id":15799,"date":"2015-06-09T11:41:33","date_gmt":"2015-06-09T10:41:33","guid":{"rendered":"https:\/\/old.mercatflors.cat\/?p=15799"},"modified":"2015-10-02T14:44:30","modified_gmt":"2015-10-02T13:44:30","slug":"convocado-el-premio-de-danza-2015-del-institut-del-teatre","status":"publish","type":"post","link":"https:\/\/old.mercatflors.cat\/es\/actualidad\/convocado-el-premio-de-danza-2015-del-institut-del-teatre\/","title":{"rendered":"Convocado el Premio de Danza 2015 del Institut del Teatre"},"content":{"rendered":"<p><img decoding=\"async\" loading=\"lazy\" class=\"alignleft size-full wp-image-15795\" src=\"https:\/\/old.mercatflors.cat\/wp-content\/uploads\/2015\/06\/premi-de-dansa-de-l-institu.jpg\" alt=\"premi de dansa 2015 de l'institut del teatre de Barcelona\" width=\"350\" height=\"200\" srcset=\"https:\/\/old.mercatflors.cat\/wp-content\/uploads\/2015\/06\/premi-de-dansa-de-l-institu.jpg 350w, https:\/\/old.mercatflors.cat\/wp-content\/uploads\/2015\/06\/premi-de-dansa-de-l-institu-223x127.jpg 223w\" sizes=\"(max-width: 350px) 100vw, 350px\" \/><\/p>\n<p><strong>El plazo\u00a0de presentaci\u00f3n de solicitudes va del 1 al 15 de Setiembre de 2015, ambos incluidos<\/strong><\/p>\n<p>El <a href=\"http:\/\/www.institutdelteatre.cat\/\" target=\"_blank\"><span style=\"text-decoration: underline; color: #0000ff;\">Institut del Teatre de la Diputaci\u00f3 de Barcelona<\/span><\/a>, con\u00a0la colaboraci\u00f3n del Mercat de les Flors, el <a href=\"http:\/\/lameva.barcelona.cat\/grec\/\" target=\"_blank\"><span style=\"text-decoration: underline; color: #0000ff;\">Grec 2016 Festival de Barcelona<\/span><\/a>\u00a0y la <a href=\"http:\/\/www.fundacionsgae.org\/\" target=\"_blank\"><span style=\"text-decoration: underline; color: #0000ff;\">Fundaci\u00f3n SGAE<\/span><\/a>, convoca el <strong>Premio de Danza 2015<\/strong>\u00a0con\u00a0el objetivo de potenciar el trabajo de los j\u00f3venes creadores e\u00a0int\u00e9rpretes, ofreci\u00e9ndoles una ayuda a la producci\u00f3n y\u00a0a la exhibici\u00f3n para darlos a conocer y\u00a0facilitar as\u00ed su inserci\u00f3n laboral.<\/p>\n<p>Puede optar al premio cualquier colectivo de profesionales de la danza que est\u00e9 integrado como m\u00ednimo por tres graduados del <span style=\"text-decoration: underline; color: #0000ff;\"><a style=\"color: #0000ff; text-decoration: underline;\" title=\"Conservatori Professional de Dansa\" href=\"http:\/\/institutdelteatre.cat\/thm23\/escoles-i-centres-territorials.htm\" target=\"_self\">Conservatori Professional de Dansa<\/a><\/span>, del <span style=\"text-decoration: underline; color: #0000ff;\"><a style=\"color: #0000ff; text-decoration: underline;\" title=\"Conservatori Superior de Dansa\" href=\"http:\/\/institutdelteatre.cat\/thm22\/escoles-i-centres-territorials.htm\" target=\"_self\">Conservatori Superior de Dansa<\/a><\/span> o que hayan finalizado\u00a0los dos a\u00f1os de estudios con\u00a0la <span style=\"text-decoration: underline; color: #0000ff;\"><a style=\"color: #0000ff; text-decoration: underline;\" title=\"Jove Companyia IT Dansa de l'Institut del Teatre\" href=\"http:\/\/institutdelteatre.cat\/ca\/thm28\/graduats.htm\" target=\"_self\">Jove Companyia IT Dansa de l&#8217;Institut del Teatre<\/a><\/span>. Estos postgraduados pueden realizar tareas diversas dentro del proyecto. As\u00ed mismo se valorar\u00e1 la participaci\u00f3n de graduados de otras escuelas del Institut del Teatre.<\/p>\n<p>Los integrantes del colectivo que participa en la creaci\u00f3n e\u00a0interpretaci\u00f3n del espect\u00e1culo de danza deber\u00e1n\u00a0tener como m\u00e1ximo 35 a\u00f1os en el momento de la presentaci\u00f3n de la solicitud, dado\u00a0que es un premio dirigido\u00a0a potenciar a los j\u00f3venes creadores.<\/p>\n<p>El proceso de selecci\u00f3n del premio tendr\u00e1 una fase inicial donde se elegir\u00e1\u00a0un m\u00e1ximo de cuatro propuestas coreogr\u00e1ficas, que recibir\u00e1n una ayuda econ\u00f3mica para realizar una coreograf\u00eda reducida, de aproximadamente 15 minutos.<\/p>\n<p>Las coreograf\u00edas finalistas se presentar\u00e1n en una gala en el Mercat de les Flors donde un jurado proclamar\u00e1 la coreograf\u00eda ganadora del Premio de Danza del Institut del Teatre 2015. La coreograf\u00eda galardonada recibir\u00e1 la dotaci\u00f3n econ\u00f3mica y\u00a0ayuda para desarrollar la propuesta en una producci\u00f3n de un m\u00ednimo de 50 minutos, que se estrenar\u00e1 en el festival Grec 2016.<\/p>\n<p><a href=\"http:\/\/www.institutdelteatre.cat\/ca\/pl396\/graduats\/serveis-per-a-graduats\/id32\/premi-de-dansa-de-l-institut-del-teatre.htm\" target=\"_blank\"><span style=\"text-decoration: underline; color: #0000ff;\">Las bases de la convocatoria Premio de Danza 2015 del Institut del Teatre de Barcelona y\u00a0los documentos para presentarse se pueden\u00a0encontrar aqu\u00ed<\/span><\/a><\/p>\n","protected":false},"excerpt":{"rendered":"<p>El plazo\u00a0de presentaci\u00f3n de solicitudes va del 1 al 15 [&hellip;]<\/p>\n","protected":false},"author":1,"featured_media":0,"comment_status":"open","ping_status":"open","sticky":false,"template":"","format":"standard","meta":[],"categories":[16],"tags":[],"_links":{"self":[{"href":"https:\/\/old.mercatflors.cat\/es\/wp-json\/wp\/v2\/posts\/15799\/"}],"collection":[{"href":"https:\/\/old.mercatflors.cat\/es\/wp-json\/wp\/v2\/posts\/"}],"about":[{"href":"https:\/\/old.mercatflors.cat\/es\/wp-json\/wp\/v2\/types\/post\/"}],"author":[{"embeddable":true,"href":"https:\/\/old.mercatflors.cat\/es\/wp-json\/wp\/v2\/users\/1\/"}],"replies":[{"embeddable":true,"href":"https:\/\/old.mercatflors.cat\/es\/wp-json\/wp\/v2\/comments\/?post=15799"}],"version-history":[{"count":0,"href":"https:\/\/old.mercatflors.cat\/es\/wp-json\/wp\/v2\/posts\/15799\/revisions\/"}],"wp:attachment":[{"href":"https:\/\/old.mercatflors.cat\/es\/wp-json\/wp\/v2\/media\/?parent=15799"}],"wp:term":[{"taxonomy":"category","embeddable":true,"href":"https:\/\/old.mercatflors.cat\/es\/wp-json\/wp\/v2\/categories\/?post=15799"},{"taxonomy":"post_tag","embeddable":true,"href":"https:\/\/old.mercatflors.cat\/es\/wp-json\/wp\/v2\/tags\/?post=15799"}],"curies":[{"name":"wp","href":"https:\/\/api.w.org\/{rel}","templated":true}]}}