{"id":16886,"date":"2015-09-28T14:35:36","date_gmt":"2015-09-28T13:35:36","guid":{"rendered":"https:\/\/old.mercatflors.cat\/?p=16886"},"modified":"2015-10-09T16:59:53","modified_gmt":"2015-10-09T15:59:53","slug":"talleres-gratuitos-de-movimiento-y-danza-contemporanea-para-mayores-de-45-anos","status":"publish","type":"post","link":"https:\/\/old.mercatflors.cat\/es\/actualidad\/talleres-gratuitos-de-movimiento-y-danza-contemporanea-para-mayores-de-45-anos\/","title":{"rendered":"Talleres gratuitos de movimiento y danza contempor\u00e1nea para mayores de 45 a\u00f1os"},"content":{"rendered":"<p>El core\u00f3grafo Sebasti\u00e1n Garc\u00eda Ferro ofrece una serie de talleres de movimiento y danza contempor\u00e1nea para hombres y mujeres mayores de 45 a\u00f1os; estos talleres, que se realizar\u00e1n entre octubre y diciembre de 2015, forman parte del proceso creativo del proyecto + 45, que se estrenar\u00e1 en el Mercado de las Flores el 1 de abril.<\/p>\n<p>Una vez terminada la formaci\u00f3n que se impartir\u00e1 en estos talleres los participantes podr\u00e1n optar a un casting que seleccionar\u00e1 int\u00e9rpretes para el espect\u00e1culo, en el que tambi\u00e9n participar\u00e1n 7 bailarines profesionales.<br \/>\nLos talleres son gratuitos y tendr\u00e1n lugar en diferentes centros en varias horarios para poder elegir:<\/p>\n<ul>\n<li>Centro C\u00edvico Can Felipa (Barrio de Poblenou): viernes de 18 a 20 h.<\/li>\n<li>Centro C\u00edvico Barceloneta (Barrio de la Barceloneta): martes de 10.30 a 12.30 h.<\/li>\n<li>La Caldera (Barrio de las Cortes): lunes de 19 a 21 h.<\/li>\n<li>Centro de Creaci\u00f3n Can Gasol (Matar\u00f3): mi\u00e9rcoles de 19 a 21<\/li>\n<\/ul>\n<p><strong> + informaci\u00f3 e inscripciones en<\/strong> mimazio@gmail.com<\/p>\n","protected":false},"excerpt":{"rendered":"<p>El core\u00f3grafo Sebasti\u00e1n Garc\u00eda Ferro ofrece una serie de talleres [&hellip;]<\/p>\n","protected":false},"author":1,"featured_media":0,"comment_status":"open","ping_status":"open","sticky":false,"template":"","format":"standard","meta":[],"categories":[16],"tags":[],"_links":{"self":[{"href":"https:\/\/old.mercatflors.cat\/es\/wp-json\/wp\/v2\/posts\/16886\/"}],"collection":[{"href":"https:\/\/old.mercatflors.cat\/es\/wp-json\/wp\/v2\/posts\/"}],"about":[{"href":"https:\/\/old.mercatflors.cat\/es\/wp-json\/wp\/v2\/types\/post\/"}],"author":[{"embeddable":true,"href":"https:\/\/old.mercatflors.cat\/es\/wp-json\/wp\/v2\/users\/1\/"}],"replies":[{"embeddable":true,"href":"https:\/\/old.mercatflors.cat\/es\/wp-json\/wp\/v2\/comments\/?post=16886"}],"version-history":[{"count":0,"href":"https:\/\/old.mercatflors.cat\/es\/wp-json\/wp\/v2\/posts\/16886\/revisions\/"}],"wp:attachment":[{"href":"https:\/\/old.mercatflors.cat\/es\/wp-json\/wp\/v2\/media\/?parent=16886"}],"wp:term":[{"taxonomy":"category","embeddable":true,"href":"https:\/\/old.mercatflors.cat\/es\/wp-json\/wp\/v2\/categories\/?post=16886"},{"taxonomy":"post_tag","embeddable":true,"href":"https:\/\/old.mercatflors.cat\/es\/wp-json\/wp\/v2\/tags\/?post=16886"}],"curies":[{"name":"wp","href":"https:\/\/api.w.org\/{rel}","templated":true}]}}