{"id":17060,"date":"2015-10-08T14:21:01","date_gmt":"2015-10-08T13:21:01","guid":{"rendered":"https:\/\/old.mercatflors.cat\/?p=17060"},"modified":"2015-12-02T12:22:29","modified_gmt":"2015-12-02T11:22:29","slug":"chile-acoge-un-nuevo-mov-s","status":"publish","type":"post","link":"https:\/\/old.mercatflors.cat\/es\/actualidad\/chile-acoge-un-nuevo-mov-s\/","title":{"rendered":"Chile acoge un nuevo MOV-S"},"content":{"rendered":"<p><strong>El proyecto MOV-S continua su andadura con un nuevo encuentro que tendr\u00e1 lugar entre los d\u00edas 15 y 18 de octubre en diversos espacios culturales de Santiago de Chile<\/strong><\/p>\n<p><img decoding=\"async\" loading=\"lazy\" class=\"alignleft size-full wp-image-3741\" src=\"https:\/\/old.mercatflors.cat\/wp-content\/uploads\/2012\/06\/mov-s.gif\" alt=\"mov-s\" width=\"170\" height=\"40\" \/><\/p>\n<p>Organizado en esta ocasi\u00f3n por Mercat de les Flors y NAVE y dirigido por la responsable de este centro de creaci\u00f3n y residencia de reciente apertura en Santiago, Maria Jos\u00e9 Cifuentes, se centra en la importancia de la sociedad civil organizada y su incidencia en la pol\u00edtica p\u00fablica. Tiene por objetivo diagnosticar las problem\u00e1ticas y urgencias del sector de la danza con la finalidad de dotar de herramientas y metodolog\u00edas que generen intercambio, conocimiento y proyectos que permitan una mejora en las condiciones de la comunidad art\u00edstica.<\/p>\n<p>El seminario reunir\u00e1 a los principales agentes de la danza chilena as\u00ed como a importantes te\u00f3ricos internacionales de la danza y el movimiento y estar\u00e1 guiado metodol\u00f3gicamente por Cristina Alonso de Graner (Barcelona), Victoria P\u00e9rez Royo de Artea (Madrid), David Guti\u00e9rrez de Museo del Chopo (Ciudad de M\u00e9xico) y Maria Jos\u00e9 Cifuentes de NAVE (Santiago de Chile). A dicho seminario se le suman dos laboratorios que tendr\u00e1n lugar los d\u00edas 13 y 14 de octubre dirigidos a profesionales del sector e impartidos por Natacha Melo (Uruguay) y Catarina Saraiva (Portugal-Brasil).<\/p>\n<p>Con este seminario se da continuidad a la edici\u00f3n de 2014, desarrollada con la celebraci\u00f3n de un seminario en la Illa de San Sim\u00f3n (Galicia), un encuentro en Alh\u00f3ndigaBilbao (Pa\u00eds Vasco) y un tercer seminario en Guadalajara (M\u00e9xico).<\/p>\n<p>MOV-S es una iniciativa impulsada por Mercat de les Flors que busca construir puentes de uni\u00f3n entre los artistas y las organizaciones de danza y artes del movimiento con la finalidad de establecer v\u00edas naturales de encuentro y colaboraci\u00f3n.<\/p>\n<p>M\u00e1s informaci\u00f3n: <span style=\"text-decoration: underline; color: #0000ff;\"><a style=\"color: #0000ff; text-decoration: underline;\" href=\"http:\/\/www.mov-s.org\">www.mov-s.org<\/a><\/span> y <span style=\"text-decoration: underline; color: #0000ff;\"><a style=\"color: #0000ff; text-decoration: underline;\" href=\"http:\/\/www.nave.io\">www.nave.io<\/a><\/span><\/p>\n","protected":false},"excerpt":{"rendered":"<p>El proyecto MOV-S continua su andadura con un nuevo encuentro [&hellip;]<\/p>\n","protected":false},"author":1,"featured_media":0,"comment_status":"open","ping_status":"open","sticky":false,"template":"","format":"standard","meta":[],"categories":[16],"tags":[],"_links":{"self":[{"href":"https:\/\/old.mercatflors.cat\/es\/wp-json\/wp\/v2\/posts\/17060\/"}],"collection":[{"href":"https:\/\/old.mercatflors.cat\/es\/wp-json\/wp\/v2\/posts\/"}],"about":[{"href":"https:\/\/old.mercatflors.cat\/es\/wp-json\/wp\/v2\/types\/post\/"}],"author":[{"embeddable":true,"href":"https:\/\/old.mercatflors.cat\/es\/wp-json\/wp\/v2\/users\/1\/"}],"replies":[{"embeddable":true,"href":"https:\/\/old.mercatflors.cat\/es\/wp-json\/wp\/v2\/comments\/?post=17060"}],"version-history":[{"count":0,"href":"https:\/\/old.mercatflors.cat\/es\/wp-json\/wp\/v2\/posts\/17060\/revisions\/"}],"wp:attachment":[{"href":"https:\/\/old.mercatflors.cat\/es\/wp-json\/wp\/v2\/media\/?parent=17060"}],"wp:term":[{"taxonomy":"category","embeddable":true,"href":"https:\/\/old.mercatflors.cat\/es\/wp-json\/wp\/v2\/categories\/?post=17060"},{"taxonomy":"post_tag","embeddable":true,"href":"https:\/\/old.mercatflors.cat\/es\/wp-json\/wp\/v2\/tags\/?post=17060"}],"curies":[{"name":"wp","href":"https:\/\/api.w.org\/{rel}","templated":true}]}}