{"id":17085,"date":"2015-10-09T16:54:54","date_gmt":"2015-10-09T15:54:54","guid":{"rendered":"https:\/\/old.mercatflors.cat\/?p=17085"},"modified":"2015-11-06T12:30:15","modified_gmt":"2015-11-06T11:30:15","slug":"convocatoria-para-participar-en-la-seleccion-de-interpretes-del-espectaculo-multitud-de-tamara-cubas","status":"publish","type":"post","link":"https:\/\/old.mercatflors.cat\/es\/actualidad\/convocatoria-para-participar-en-la-seleccion-de-interpretes-del-espectaculo-multitud-de-tamara-cubas\/","title":{"rendered":"Convocatoria para\u00a0participar en la selecci\u00f3n de int\u00e9rpretes del espect\u00e1culo &#8216;Multitud&#8217;,\u00a0de TAMARA CUBAS"},"content":{"rendered":"<p><strong>Dirigida\u00a0tanto a profesionales como no profesionales de las artes esc\u00e9nicas, la convocatoria estar\u00e1\u00a0abierta hasta\u00a0el 31 de Octubre<\/strong><\/p>\n<p><img decoding=\"async\" loading=\"lazy\" class=\"alignleft wp-image-17080 size-medium\" src=\"https:\/\/old.mercatflors.cat\/wp-content\/uploads\/2015\/10\/convo-tamara-cubas-350x217.jpg\" alt=\"convo-tamara-cubas\" width=\"350\" height=\"217\" srcset=\"https:\/\/old.mercatflors.cat\/wp-content\/uploads\/2015\/10\/convo-tamara-cubas-350x217.jpg 350w, https:\/\/old.mercatflors.cat\/wp-content\/uploads\/2015\/10\/convo-tamara-cubas.jpg 790w\" sizes=\"(max-width: 350px) 100vw, 350px\" \/><\/p>\n<p><em>Multitud<\/em>\u00a0es un proyecto esc\u00e9nico que analiza la forma social del hombre contempor\u00e1neo, la\u00a0noci\u00f3n de heterogeneidad\u00a0en el colectivo, lo diferente, el espacio p\u00fablico, las relaciones interpersonales y\u00a0la posibilidad del disentimiento. Explora sobre las potencias de los cuerpos\u00a0en lo que se refiere a la\u00a0capacidad de afectar y\u00a0ser afectados por el otro y lo que puede suceder en &#8220;el entre&#8221; de estos cuerpos.<\/p>\n<p>A trav\u00e9s de un taller\u2013montaje, la core\u00f3grafa uruguaya\u00a0<strong>Tamara Cubas<\/strong>\u00a0compartir\u00e1 el material base de la pieza, que ser\u00e1 presentada en\u00a0la Sala Oval del MNAC con un cast de m\u00e1s de 50 personas.<\/p>\n<p>Se convoca a performers, bailarines, actores, artistas de circo y\u00a0todo aqu\u00e9l\u00a0con un nivel de entrenamiento f\u00edsico que le permita comprometerse con\u00a0un proceso\u00a0con\u00a0trabajo aer\u00f3bico importante. En los ensayos se pretende trabajar la relaci\u00f3n entre el individuo y\u00a0el grupo, la\u00a0conciencia de grupo en el movimiento, la colaboraci\u00f3n y\u00a0en definitiva lo\u00a0com\u00fan desde la\u00a0propia individualidad.<\/p>\n<p><a href=\"https:\/\/old.mercatflors.cat\/wp-content\/uploads\/2015\/10\/convo-multitud-tamara-cubas-def.pdf\" target=\"_blank\"><span style=\"text-decoration: underline; color: #0000ff;\">Se pueden consultar aqu\u00ed las condiciones completas de participaci\u00f3n en la convocatoria, as\u00ed como el formulario de inscripci\u00f3n<\/span><\/a><\/p>\n<p>Aqu\u00ed pod\u00e9is ver un trailer de <em>Multitud<\/em>, y debajo\u00a0la info del espect\u00e1culo<\/p>\n<p><iframe loading=\"lazy\" width=\"500\" height=\"281\" src=\"https:\/\/www.youtube.com\/embed\/epTRXRhz6Vo?feature=oembed\" frameborder=\"0\" allowfullscreen><\/iframe><\/p>\n","protected":false},"excerpt":{"rendered":"<p>Dirigida\u00a0tanto a profesionales como no profesionales de las artes esc\u00e9nicas, [&hellip;]<\/p>\n","protected":false},"author":1,"featured_media":0,"comment_status":"open","ping_status":"open","sticky":false,"template":"","format":"standard","meta":[],"categories":[16],"tags":[],"_links":{"self":[{"href":"https:\/\/old.mercatflors.cat\/es\/wp-json\/wp\/v2\/posts\/17085\/"}],"collection":[{"href":"https:\/\/old.mercatflors.cat\/es\/wp-json\/wp\/v2\/posts\/"}],"about":[{"href":"https:\/\/old.mercatflors.cat\/es\/wp-json\/wp\/v2\/types\/post\/"}],"author":[{"embeddable":true,"href":"https:\/\/old.mercatflors.cat\/es\/wp-json\/wp\/v2\/users\/1\/"}],"replies":[{"embeddable":true,"href":"https:\/\/old.mercatflors.cat\/es\/wp-json\/wp\/v2\/comments\/?post=17085"}],"version-history":[{"count":0,"href":"https:\/\/old.mercatflors.cat\/es\/wp-json\/wp\/v2\/posts\/17085\/revisions\/"}],"wp:attachment":[{"href":"https:\/\/old.mercatflors.cat\/es\/wp-json\/wp\/v2\/media\/?parent=17085"}],"wp:term":[{"taxonomy":"category","embeddable":true,"href":"https:\/\/old.mercatflors.cat\/es\/wp-json\/wp\/v2\/categories\/?post=17085"},{"taxonomy":"post_tag","embeddable":true,"href":"https:\/\/old.mercatflors.cat\/es\/wp-json\/wp\/v2\/tags\/?post=17085"}],"curies":[{"name":"wp","href":"https:\/\/api.w.org\/{rel}","templated":true}]}}