{"id":17139,"date":"2015-10-14T12:32:52","date_gmt":"2015-10-14T11:32:52","guid":{"rendered":"https:\/\/old.mercatflors.cat\/?p=17139"},"modified":"2015-11-24T09:38:18","modified_gmt":"2015-11-24T08:38:18","slug":"convocado-el-concurso-publico-para-la-coreografia-y-direccion-artistica-de-la-edicion-2016-del-tot-dansa","status":"publish","type":"post","link":"https:\/\/old.mercatflors.cat\/es\/actualidad\/convocado-el-concurso-publico-para-la-coreografia-y-direccion-artistica-de-la-edicion-2016-del-tot-dansa\/","title":{"rendered":"Convocado el concurso p\u00fablico para la coreograf\u00eda y direcci\u00f3n art\u00edstica de la edici\u00f3n 2016 del TOT DANSA"},"content":{"rendered":"<p><strong>Un proyecto educativo\u00a0y de pr\u00e1ctica art\u00edstica que se dirige a los centros de educaci\u00f3n secundaria y\u00a0de bachillerato p\u00fablicos de la ciudad de Barcelona<\/strong><\/p>\n<p>Organizado conjuntamente por el Institut Municipal d\u2019Educaci\u00f3 del Ajuntament de Barcelona, el Institut del Teatre y\u00a0el Mercat de les Flors tiene como objetivo dar a conocer al p\u00fablico joven y\u00a0desde su propio contexto de centro\u00a0y profesorado, c\u00f3digos y\u00a0pr\u00e1cticas del lenguaje del movimiento y\u00a0la danza contempor\u00e1nea. La direcci\u00f3n art\u00edstica seleccionada se\u00a0har\u00e1 cargo de la formaci\u00f3n al profesorado, el proceso de creaci\u00f3n y\u00a0la direcci\u00f3n de la propuesta final en\u00a0la sala gran del Mercat de les Flors y\u00a0dispondr\u00e1 de un equipo pedag\u00f3gico que le asistir\u00e1 en todo el proceso\u00a0y trabajo\u00a0con\u00a0los centros educativos.<\/p>\n<p><em>El plazo\u00a0de presentaci\u00f3n de propuestas acaba el viernes 6 de Noviembre<\/em><\/p>\n<p><span style=\"text-decoration: underline;\"><a href=\"https:\/\/old.mercatflors.cat\/wp-content\/uploads\/2015\/11\/BASES-CONCURS-COREOGRAFIA-DIRECCI\u00d3-ART\u00cdSTICA-TOT-DANSA-2016.pdf\" target=\"_blank\"><strong>Descargaros las bases aqu\u00ed<\/strong><\/a><\/span><\/p>\n","protected":false},"excerpt":{"rendered":"<p>Un proyecto educativo\u00a0y de pr\u00e1ctica art\u00edstica que se dirige a [&hellip;]<\/p>\n","protected":false},"author":1,"featured_media":0,"comment_status":"open","ping_status":"open","sticky":false,"template":"","format":"standard","meta":[],"categories":[16],"tags":[],"_links":{"self":[{"href":"https:\/\/old.mercatflors.cat\/es\/wp-json\/wp\/v2\/posts\/17139\/"}],"collection":[{"href":"https:\/\/old.mercatflors.cat\/es\/wp-json\/wp\/v2\/posts\/"}],"about":[{"href":"https:\/\/old.mercatflors.cat\/es\/wp-json\/wp\/v2\/types\/post\/"}],"author":[{"embeddable":true,"href":"https:\/\/old.mercatflors.cat\/es\/wp-json\/wp\/v2\/users\/1\/"}],"replies":[{"embeddable":true,"href":"https:\/\/old.mercatflors.cat\/es\/wp-json\/wp\/v2\/comments\/?post=17139"}],"version-history":[{"count":0,"href":"https:\/\/old.mercatflors.cat\/es\/wp-json\/wp\/v2\/posts\/17139\/revisions\/"}],"wp:attachment":[{"href":"https:\/\/old.mercatflors.cat\/es\/wp-json\/wp\/v2\/media\/?parent=17139"}],"wp:term":[{"taxonomy":"category","embeddable":true,"href":"https:\/\/old.mercatflors.cat\/es\/wp-json\/wp\/v2\/categories\/?post=17139"},{"taxonomy":"post_tag","embeddable":true,"href":"https:\/\/old.mercatflors.cat\/es\/wp-json\/wp\/v2\/tags\/?post=17139"}],"curies":[{"name":"wp","href":"https:\/\/api.w.org\/{rel}","templated":true}]}}