{"id":17412,"date":"2015-11-24T09:12:19","date_gmt":"2015-11-24T08:12:19","guid":{"rendered":"https:\/\/old.mercatflors.cat\/?p=17412"},"modified":"2015-12-23T10:07:48","modified_gmt":"2015-12-23T09:07:48","slug":"la-21-edicion-de-los-premios-butaca-nombra-4-espectaculos-que-se-han-presentado-en-el-mercat","status":"publish","type":"post","link":"https:\/\/old.mercatflors.cat\/es\/actualidad\/la-21-edicion-de-los-premios-butaca-nombra-4-espectaculos-que-se-han-presentado-en-el-mercat\/","title":{"rendered":"La 21 edici\u00f3n de los premios Butaca galardona a la compa\u00f1\u00eda La Veronalresentado en el Mercat"},"content":{"rendered":"<div class=\"tw-swapa\">\n<p id=\"tw-target-text\" class=\"tw-data-text vk_txt tw-ta tw-text-small\" dir=\"ltr\" data-placeholder=\"Traducci\u00f3n\"><span lang=\"es\">Los premios Butaca de Catalu\u00f1a han galardonado como mejor espect\u00e1culo de danza <a href=\"https:\/\/old.mercatflors.cat\/es\/espectacle\/salmon-islandia-2\/\" target=\"_blank\"><em>Islandia<\/em><\/a>, de la compa\u00f1\u00eda La Veronal. Los otros tres espect\u00e1culos nominados han sido coproducidos y representados en el Mercat de les Flors:\u00a0 <a href=\"https:\/\/old.mercatflors.cat\/es\/espectacle\/sin-baile-no-hay-paraiso-3\/\" target=\"_blank\"><em>Sin baile no hay para\u00edso<\/em><\/a>, de Pere Faura; <a href=\"https:\/\/old.mercatflors.cat\/es\/espectacle\/torobaka-2\/\" target=\"_blank\"><em>Torobaka<\/em> <\/a>, de Akram Khan e Israel Galv\u00e1n , y <a href=\"https:\/\/old.mercatflors.cat\/es\/espectacle\/caida-libre-2\/\" target=\"_blank\"><em>Ca\u00edda libre<\/em><\/a>, de Sharon Fridman .<br \/>\n<\/span><\/p>\n<p class=\"tw-data-text vk_txt tw-ta tw-text-small\" dir=\"ltr\" data-placeholder=\"Traducci\u00f3n\"><a href=\"http:\/\/www.premisbutaca.cat\/2015\/els-butaca\/\" target=\"_blank\">+ info<\/a><\/p>\n<p class=\"tw-data-text vk_txt tw-ta tw-text-small\" dir=\"ltr\" data-placeholder=\"Traducci\u00f3n\">\n<\/div>\n","protected":false},"excerpt":{"rendered":"<p>Los premios Butaca de Catalu\u00f1a han galardonado como mejor espect\u00e1culo [&hellip;]<\/p>\n","protected":false},"author":1,"featured_media":0,"comment_status":"open","ping_status":"open","sticky":false,"template":"","format":"standard","meta":[],"categories":[16],"tags":[],"_links":{"self":[{"href":"https:\/\/old.mercatflors.cat\/es\/wp-json\/wp\/v2\/posts\/17412\/"}],"collection":[{"href":"https:\/\/old.mercatflors.cat\/es\/wp-json\/wp\/v2\/posts\/"}],"about":[{"href":"https:\/\/old.mercatflors.cat\/es\/wp-json\/wp\/v2\/types\/post\/"}],"author":[{"embeddable":true,"href":"https:\/\/old.mercatflors.cat\/es\/wp-json\/wp\/v2\/users\/1\/"}],"replies":[{"embeddable":true,"href":"https:\/\/old.mercatflors.cat\/es\/wp-json\/wp\/v2\/comments\/?post=17412"}],"version-history":[{"count":0,"href":"https:\/\/old.mercatflors.cat\/es\/wp-json\/wp\/v2\/posts\/17412\/revisions\/"}],"wp:attachment":[{"href":"https:\/\/old.mercatflors.cat\/es\/wp-json\/wp\/v2\/media\/?parent=17412"}],"wp:term":[{"taxonomy":"category","embeddable":true,"href":"https:\/\/old.mercatflors.cat\/es\/wp-json\/wp\/v2\/categories\/?post=17412"},{"taxonomy":"post_tag","embeddable":true,"href":"https:\/\/old.mercatflors.cat\/es\/wp-json\/wp\/v2\/tags\/?post=17412"}],"curies":[{"name":"wp","href":"https:\/\/api.w.org\/{rel}","templated":true}]}}