{"id":17426,"date":"2015-11-06T18:12:55","date_gmt":"2015-11-06T17:12:55","guid":{"rendered":"https:\/\/old.mercatflors.cat\/?p=17426"},"modified":"2016-02-18T12:02:33","modified_gmt":"2016-02-18T11:02:33","slug":"se-publica-el-libro-filosofia-de-la-danza","status":"publish","type":"post","link":"https:\/\/old.mercatflors.cat\/es\/actualidad\/se-publica-el-libro-filosofia-de-la-danza\/","title":{"rendered":"Se publica el libro &#8220;Filosof\u00eda de la danza&#8221;"},"content":{"rendered":"<p id=\"tw-target-text\" class=\"tw-data-text vk_txt tw-ta tw-text-small\" dir=\"ltr\" data-placeholder=\"Traducci\u00f3n\"><span lang=\"es\">Magda Polo Pujadas, profesora de teor\u00eda de las artes en la Universidad de Barcelona, \u200b\u200bRoberto Fratini Serafide, te\u00f3rico y profesor de teor\u00eda de la danza, y B\u00e1rbara Raubert Nonell, cr\u00edtica y especialista en danza, han editado el libro <em>Filosof\u00eda de la danza<\/em>, en el que investigan las relaciones de la danza con la filosof\u00eda. <\/span><\/p>\n<p class=\"tw-data-text vk_txt tw-ta tw-text-small\" dir=\"ltr\" data-placeholder=\"Traducci\u00f3n\"><span lang=\"es\"><em>Filosof\u00eda de la danza<\/em> propone al lector tres itinerarios reflexivos: el primero, el encuentro artesanal y perform\u00e1tica entre danza y las artes pl\u00e1sticas; el segundo, la relaci\u00f3n controvertida entre danza y m\u00fasica, y el tercero, el v\u00ednculo sutil entre danza y literatura. Los tres recorridos enriquecen el discurso de la danza, que a lo largo de la historia se ha entretejido \u00edntimamente con otras manifestaciones art\u00edsticas.<\/span><\/p>\n<p class=\"tw-data-text vk_txt tw-ta tw-text-small\" dir=\"ltr\" data-placeholder=\"Traducci\u00f3n\"><span style=\"color: #0000ff;\"><strong><a style=\"color: #0000ff;\" href=\"http:\/\/www.publicacions.ub.edu\/ficha.aspx?cod=08262\" target=\"_blank\">+ info<\/a><\/strong><\/span><\/p>\n<p class=\"tw-data-text vk_txt tw-ta tw-text-small\" dir=\"ltr\" data-placeholder=\"Traducci\u00f3n\">\n","protected":false},"excerpt":{"rendered":"<p>Magda Polo Pujadas, profesora de teor\u00eda de las artes en [&hellip;]<\/p>\n","protected":false},"author":1,"featured_media":0,"comment_status":"open","ping_status":"open","sticky":false,"template":"","format":"standard","meta":[],"categories":[16],"tags":[],"_links":{"self":[{"href":"https:\/\/old.mercatflors.cat\/es\/wp-json\/wp\/v2\/posts\/17426\/"}],"collection":[{"href":"https:\/\/old.mercatflors.cat\/es\/wp-json\/wp\/v2\/posts\/"}],"about":[{"href":"https:\/\/old.mercatflors.cat\/es\/wp-json\/wp\/v2\/types\/post\/"}],"author":[{"embeddable":true,"href":"https:\/\/old.mercatflors.cat\/es\/wp-json\/wp\/v2\/users\/1\/"}],"replies":[{"embeddable":true,"href":"https:\/\/old.mercatflors.cat\/es\/wp-json\/wp\/v2\/comments\/?post=17426"}],"version-history":[{"count":0,"href":"https:\/\/old.mercatflors.cat\/es\/wp-json\/wp\/v2\/posts\/17426\/revisions\/"}],"wp:attachment":[{"href":"https:\/\/old.mercatflors.cat\/es\/wp-json\/wp\/v2\/media\/?parent=17426"}],"wp:term":[{"taxonomy":"category","embeddable":true,"href":"https:\/\/old.mercatflors.cat\/es\/wp-json\/wp\/v2\/categories\/?post=17426"},{"taxonomy":"post_tag","embeddable":true,"href":"https:\/\/old.mercatflors.cat\/es\/wp-json\/wp\/v2\/tags\/?post=17426"}],"curies":[{"name":"wp","href":"https:\/\/api.w.org\/{rel}","templated":true}]}}