{"id":17436,"date":"2015-11-09T10:46:44","date_gmt":"2015-11-09T09:46:44","guid":{"rendered":"https:\/\/old.mercatflors.cat\/?p=17436"},"modified":"2016-02-03T16:49:02","modified_gmt":"2016-02-03T15:49:02","slug":"los-artistas-israel-galvan-y-rocio-molina-finalistas-de-los-prestigiosos-premios-britanicos-national-awards","status":"publish","type":"post","link":"https:\/\/old.mercatflors.cat\/es\/actualidad\/los-artistas-israel-galvan-y-rocio-molina-finalistas-de-los-prestigiosos-premios-britanicos-national-awards\/","title":{"rendered":"Los artistas Israel Galv\u00e1n y Roc\u00edo Molina, finalistas de los prestigiosos premios brit\u00e1nicos National Awards"},"content":{"rendered":"<p>El artista asociado\u00a0al Mercat de les Flors Israel Galv\u00e1n est\u00e1 nominado comoa finalista en la categor\u00eda de Mejor Int\u00e9rprete Masculino por <a href=\"https:\/\/old.mercatflors.cat\/espectacle\/torobaka\/\"><span style=\"text-decoration: underline;\"><em>Torobaka<\/em><\/span><\/a>, espect\u00e1culo\u00a0con el que\u00a0inauguramos la temporada 2014-15 del Mercat y\u00a0que cre\u00f3 junto\u00a0con el core\u00f3grafo brit\u00e1nico Akram Khan.<\/p>\n<p>Y\u00a0tambi\u00e9n la bailarina y\u00a0core\u00f3grafa Roc\u00edo Molina lo est\u00e1 como Mejor Int\u00e9rprete Femenina por <a href=\"https:\/\/old.mercatflors.cat\/espectacle\/bosque-ardora\/\"><span style=\"text-decoration: underline;\"><em>Bosque Ardora<\/em><\/span><\/a>, una coproducci\u00f3n del Mercat que pudimos\u00a0ver tambi\u00e9n la\u00a0temporada pasada.<\/p>\n<p>Estos\u00a0dos innovadores artistas de flamenco contempor\u00e1neo reciben un especial sapoyo del Mercat de les Flors desde los inicios de sus carreras.<\/p>\n<p>Y\u00a0durante el S\u00c2LMON&lt; festival veremos la pieza <span style=\"text-decoration: underline;\"><a href=\"https:\/\/old.mercatflors.cat\/espectacle\/salmon-idiot-syncrasy\/\"><em>Idiot-Sincrasy<\/em><\/a><\/span>, de Igor &amp; Moreno, artistas que tambi\u00e9n han sido\u00a0nominados. Ser\u00e1 un \u00fanico d\u00eda, el 28 de noviembre.<\/p>\n","protected":false},"excerpt":{"rendered":"<p>El artista asociado\u00a0al Mercat de les Flors Israel Galv\u00e1n est\u00e1 [&hellip;]<\/p>\n","protected":false},"author":1,"featured_media":0,"comment_status":"open","ping_status":"open","sticky":false,"template":"","format":"standard","meta":[],"categories":[16],"tags":[],"_links":{"self":[{"href":"https:\/\/old.mercatflors.cat\/es\/wp-json\/wp\/v2\/posts\/17436\/"}],"collection":[{"href":"https:\/\/old.mercatflors.cat\/es\/wp-json\/wp\/v2\/posts\/"}],"about":[{"href":"https:\/\/old.mercatflors.cat\/es\/wp-json\/wp\/v2\/types\/post\/"}],"author":[{"embeddable":true,"href":"https:\/\/old.mercatflors.cat\/es\/wp-json\/wp\/v2\/users\/1\/"}],"replies":[{"embeddable":true,"href":"https:\/\/old.mercatflors.cat\/es\/wp-json\/wp\/v2\/comments\/?post=17436"}],"version-history":[{"count":0,"href":"https:\/\/old.mercatflors.cat\/es\/wp-json\/wp\/v2\/posts\/17436\/revisions\/"}],"wp:attachment":[{"href":"https:\/\/old.mercatflors.cat\/es\/wp-json\/wp\/v2\/media\/?parent=17436"}],"wp:term":[{"taxonomy":"category","embeddable":true,"href":"https:\/\/old.mercatflors.cat\/es\/wp-json\/wp\/v2\/categories\/?post=17436"},{"taxonomy":"post_tag","embeddable":true,"href":"https:\/\/old.mercatflors.cat\/es\/wp-json\/wp\/v2\/tags\/?post=17436"}],"curies":[{"name":"wp","href":"https:\/\/api.w.org\/{rel}","templated":true}]}}