{"id":17641,"date":"2015-11-27T11:26:07","date_gmt":"2015-11-27T10:26:07","guid":{"rendered":"https:\/\/old.mercatflors.cat\/?p=17641"},"modified":"2016-02-17T19:42:52","modified_gmt":"2016-02-17T18:42:52","slug":"ramon-baeza-sera-el-proximo-coreografo-de-tot-dansa","status":"publish","type":"post","link":"https:\/\/old.mercatflors.cat\/es\/actualidad\/ramon-baeza-sera-el-proximo-coreografo-de-tot-dansa\/","title":{"rendered":"Ramon Baeza ser\u00e1 el pr\u00f3ximo core\u00f3grafo de TOT DANSA"},"content":{"rendered":"<p>El proyecto TOT DANSA, organizado conjuntamente por el Institut Municipal d\u2019Educaci\u00f3 del Ajuntament de Barcelona, el Institut del Teatre y\u00a0el Mercat de les Flors, tiene como objetivo dar a conocer al p\u00fablico joven y\u00a0desde su propio contexto de centro\u00a0y profesorado, c\u00f3digos y\u00a0pr\u00e1cticas del lenguaje del movimiento y\u00a0la danza contempor\u00e1nea. La direcci\u00f3n art\u00edstica seleccionada se\u00a0har\u00e1 cargo de la formaci\u00f3n al profesorado, el proceso de creaci\u00f3n y\u00a0la direcci\u00f3n de la propuesta final en\u00a0la sala gran del Mercat de les Flors y\u00a0dispondr\u00e1 de un equipo pedag\u00f3gico que le asistir\u00e1 en todo el proceso\u00a0y trabajo\u00a0con\u00a0los centros educativos.<\/p>\n<p><strong>Ram\u00f3n Baeza<\/strong>, codirector y cofundador de Increpaci\u00f3n Danza en 1993, ha desarrollado un lenguaje que une la danza espa\u00f1ola y el flamenco con la danza contempor\u00e1nea. Tiene una amplia experiencia en el trabajo con ni\u00f1os y j\u00f3venes y desarrolla una labor pedag\u00f3gica con todas las escuelas y algunos institutos de la Barceloneta desde hace 5 a\u00f1os; tambi\u00e9n ha llevado a cabo talleres y creaciones con grupos de ni\u00f1os y j\u00f3venes del Hospitalet, Nou Barris y Badalona.<\/p>\n<p>Increpaci\u00f3n Danza ha creado 15 espect\u00e1culos que ha presentado en 25 pa\u00edses de todo el mundo.<\/p>\n","protected":false},"excerpt":{"rendered":"<p>El proyecto TOT DANSA, organizado conjuntamente por el Institut Municipal [&hellip;]<\/p>\n","protected":false},"author":1,"featured_media":0,"comment_status":"open","ping_status":"open","sticky":false,"template":"","format":"standard","meta":[],"categories":[16],"tags":[],"_links":{"self":[{"href":"https:\/\/old.mercatflors.cat\/es\/wp-json\/wp\/v2\/posts\/17641\/"}],"collection":[{"href":"https:\/\/old.mercatflors.cat\/es\/wp-json\/wp\/v2\/posts\/"}],"about":[{"href":"https:\/\/old.mercatflors.cat\/es\/wp-json\/wp\/v2\/types\/post\/"}],"author":[{"embeddable":true,"href":"https:\/\/old.mercatflors.cat\/es\/wp-json\/wp\/v2\/users\/1\/"}],"replies":[{"embeddable":true,"href":"https:\/\/old.mercatflors.cat\/es\/wp-json\/wp\/v2\/comments\/?post=17641"}],"version-history":[{"count":0,"href":"https:\/\/old.mercatflors.cat\/es\/wp-json\/wp\/v2\/posts\/17641\/revisions\/"}],"wp:attachment":[{"href":"https:\/\/old.mercatflors.cat\/es\/wp-json\/wp\/v2\/media\/?parent=17641"}],"wp:term":[{"taxonomy":"category","embeddable":true,"href":"https:\/\/old.mercatflors.cat\/es\/wp-json\/wp\/v2\/categories\/?post=17641"},{"taxonomy":"post_tag","embeddable":true,"href":"https:\/\/old.mercatflors.cat\/es\/wp-json\/wp\/v2\/tags\/?post=17641"}],"curies":[{"name":"wp","href":"https:\/\/api.w.org\/{rel}","templated":true}]}}