{"id":17759,"date":"2015-12-29T16:43:09","date_gmt":"2015-12-29T15:43:09","guid":{"rendered":"https:\/\/old.mercatflors.cat\/?p=17759"},"modified":"2016-04-13T13:06:33","modified_gmt":"2016-04-13T12:06:33","slug":"francesc-casadesus-director-del-mercat-de-les-flors-recibe-del-ministerio-de-educacion-cultura-y-deporte-la-medalla-de-oro-al-merito-en-las-bellas-artes","status":"publish","type":"post","link":"https:\/\/old.mercatflors.cat\/es\/actualidad\/francesc-casadesus-director-del-mercat-de-les-flors-recibe-del-ministerio-de-educacion-cultura-y-deporte-la-medalla-de-oro-al-merito-en-las-bellas-artes\/","title":{"rendered":"El director del Mercat de les Flors, recibe del Ministerio de Educaci\u00f3n, Cultura y Deporte la Medalla de Oro al M\u00e9rito en las Bellas Artes"},"content":{"rendered":"<p>El Consejo de Ministros del 29 de diciembre de 2015 ha distinguido con esta condecoraci\u00f3n al Director del Mercat de les Flors, Francesc Casades\u00fas. Son 25 las personas que reciben cada a\u00f1o este galard\u00f3n. Estas medallas se otorgan a las personas y entidades que han destacado en el campo de la creaci\u00f3n art\u00edstica y cultural o que han promovido y dado servicio para el desarrollo y difusi\u00f3n del arte y la cultura o en la conservaci\u00f3n del patrimonio art\u00edstico.<\/p>\n<p>Nacido en l\u2019Esquirol (Barcelona) en 1964, Francesc Casades\u00fas es el director del Mercat de les Flors de Barcelona desde el a\u00f1o 2006; el Mercat es, desde el inicio de su direcci\u00f3n, un centro dedicado a la danza contempor\u00e1nea y las artes del movimiento que ha apoyado creadores locales y ha promovido la vinculaci\u00f3n de la danza y la sociedad.<\/p>\n<p>Tambi\u00e9n es presidente de EDN, red europea de Casas de Danza, que tiene como objetivo principal promover y presentar la danza contempor\u00e1nea y los artistas a trav\u00e9s de las fronteras, promover el desarrollo profesional, las infraestructuras y la danza como forma de arte utilizando la experiencia y la fortaleza de cada miembro.<\/p>\n<p>Anteriormente trabaj\u00f3 como director de comunicaci\u00f3n del MACBA, como gerente del Instituto de Cultura de Vic y como productor de varios espect\u00e1culos. Es licenciado en Psicolog\u00eda y m\u00e1ster en Gesti\u00f3n Cultural y durante una breve etapa de su vida fue actor y bailar\u00edn. En 2008 recibi\u00f3 el Premio Nacional de Cultura de la Generalitat de Catalunya y en 2014 el Ministerio de Cultura franc\u00e9s lo nombr\u00f3 &#8216;Chevalier des Arts et des Lettres&#8217;.<\/p>\n<p>M\u00e1s info de los Premios <a href=\"http:\/\/www.mecd.gob.es\/prensa-mecd\/actualidad\/2015\/12\/20151229-beartes.html\">AQU\u00cd<\/a><\/p>\n","protected":false},"excerpt":{"rendered":"<p>El Consejo de Ministros del 29 de diciembre de 2015 [&hellip;]<\/p>\n","protected":false},"author":1,"featured_media":0,"comment_status":"open","ping_status":"open","sticky":false,"template":"","format":"standard","meta":[],"categories":[16],"tags":[],"_links":{"self":[{"href":"https:\/\/old.mercatflors.cat\/es\/wp-json\/wp\/v2\/posts\/17759\/"}],"collection":[{"href":"https:\/\/old.mercatflors.cat\/es\/wp-json\/wp\/v2\/posts\/"}],"about":[{"href":"https:\/\/old.mercatflors.cat\/es\/wp-json\/wp\/v2\/types\/post\/"}],"author":[{"embeddable":true,"href":"https:\/\/old.mercatflors.cat\/es\/wp-json\/wp\/v2\/users\/1\/"}],"replies":[{"embeddable":true,"href":"https:\/\/old.mercatflors.cat\/es\/wp-json\/wp\/v2\/comments\/?post=17759"}],"version-history":[{"count":0,"href":"https:\/\/old.mercatflors.cat\/es\/wp-json\/wp\/v2\/posts\/17759\/revisions\/"}],"wp:attachment":[{"href":"https:\/\/old.mercatflors.cat\/es\/wp-json\/wp\/v2\/media\/?parent=17759"}],"wp:term":[{"taxonomy":"category","embeddable":true,"href":"https:\/\/old.mercatflors.cat\/es\/wp-json\/wp\/v2\/categories\/?post=17759"},{"taxonomy":"post_tag","embeddable":true,"href":"https:\/\/old.mercatflors.cat\/es\/wp-json\/wp\/v2\/tags\/?post=17759"}],"curies":[{"name":"wp","href":"https:\/\/api.w.org\/{rel}","templated":true}]}}