{"id":17941,"date":"2016-02-03T17:08:08","date_gmt":"2016-02-03T16:08:08","guid":{"rendered":"https:\/\/old.mercatflors.cat\/?p=17941"},"modified":"2016-05-10T17:54:00","modified_gmt":"2016-05-10T16:54:00","slug":"uno-de-los-artistas-de-la-presente-temporada-del-mercat-premio-de-circo-ciutat-de-barcelona-circo-2015","status":"publish","type":"post","link":"https:\/\/old.mercatflors.cat\/es\/actualidad\/uno-de-los-artistas-de-la-presente-temporada-del-mercat-premio-de-circo-ciutat-de-barcelona-circo-2015\/","title":{"rendered":"Uno de los artistas de la presente temporada del Mercat, Premio de Circo Ciutat de Barcelona Circo 2015"},"content":{"rendered":"<p>Quim Gir\u00f3n ha recibido el galard\u00f3n por su espect\u00e1culo <em>Sifon\u00f2for<\/em>, <em>que aporta una nueva mirada a las gram\u00e1ticas del circo mediante un trabajo colectivo de naturaleza multidisciplinaria<\/em>, seg\u00fan ha dictaminado el jurado. Podremos ver el espect\u00e1culo de este artista al frente de su compa\u00f1\u00eda, Animal Religion, los d\u00edas 23 y 24 de abril con una nueva pieza, <em>Sapiens Zoo<\/em> (<a href=\"https:\/\/old.mercatflors.cat\/es\/espectacle\/sapiens-zoo-2\/\" target=\"_blank\">+ info<\/a>), dentro del ciclo Circo de Ahora Mismo que propone el Mercat.<\/p>\n<p>Y aprovechamos para felicitar a Bea Fern\u00e1ndez y M\u00f2nica Muntaner, artistas al frente de La Poderosa, por la producci\u00f3n <em>Hacer Historia(s)<\/em>. El jurado ha dicho: <em>de<\/em> <em>este ciclo valoramos la labor de experimentaci\u00f3n, investigaci\u00f3n y la recuperaci\u00f3n de una historia reciente, que nos ayuda en la comprensi\u00f3n del hoy y del ma\u00f1ana. Adem\u00e1s, queremos reconocer su perseverancia que durante 15 a\u00f1os ha acompa\u00f1ado la evoluci\u00f3n del tejido art\u00edstico de la ciudad<\/em>.<\/p>\n<p><a href=\"http:\/\/ajuntament.barcelona.cat\/premisciutatbcn\/2015\/index.shtml\" target=\"_blank\"><strong>+ info de los Premios<\/strong><\/a><\/p>\n","protected":false},"excerpt":{"rendered":"<p>Quim Gir\u00f3n ha recibido el galard\u00f3n por su espect\u00e1culo Sifon\u00f2for, [&hellip;]<\/p>\n","protected":false},"author":1,"featured_media":0,"comment_status":"open","ping_status":"open","sticky":false,"template":"","format":"standard","meta":[],"categories":[16],"tags":[],"_links":{"self":[{"href":"https:\/\/old.mercatflors.cat\/es\/wp-json\/wp\/v2\/posts\/17941\/"}],"collection":[{"href":"https:\/\/old.mercatflors.cat\/es\/wp-json\/wp\/v2\/posts\/"}],"about":[{"href":"https:\/\/old.mercatflors.cat\/es\/wp-json\/wp\/v2\/types\/post\/"}],"author":[{"embeddable":true,"href":"https:\/\/old.mercatflors.cat\/es\/wp-json\/wp\/v2\/users\/1\/"}],"replies":[{"embeddable":true,"href":"https:\/\/old.mercatflors.cat\/es\/wp-json\/wp\/v2\/comments\/?post=17941"}],"version-history":[{"count":0,"href":"https:\/\/old.mercatflors.cat\/es\/wp-json\/wp\/v2\/posts\/17941\/revisions\/"}],"wp:attachment":[{"href":"https:\/\/old.mercatflors.cat\/es\/wp-json\/wp\/v2\/media\/?parent=17941"}],"wp:term":[{"taxonomy":"category","embeddable":true,"href":"https:\/\/old.mercatflors.cat\/es\/wp-json\/wp\/v2\/categories\/?post=17941"},{"taxonomy":"post_tag","embeddable":true,"href":"https:\/\/old.mercatflors.cat\/es\/wp-json\/wp\/v2\/tags\/?post=17941"}],"curies":[{"name":"wp","href":"https:\/\/api.w.org\/{rel}","templated":true}]}}