{"id":18157,"date":"2016-03-14T11:41:20","date_gmt":"2016-03-14T10:41:20","guid":{"rendered":"https:\/\/old.mercatflors.cat\/?p=18157"},"modified":"2016-04-13T13:08:17","modified_gmt":"2016-04-13T12:08:17","slug":"el-mercat-de-les-flors-acapara-nominaciones-en-los-premios-de-la-critica","status":"publish","type":"post","link":"https:\/\/old.mercatflors.cat\/es\/actualidad\/el-mercat-de-les-flors-acapara-nominaciones-en-los-premios-de-la-critica\/","title":{"rendered":"El Mercat de les Flors acapara nominaciones en los Premios de la Cr\u00edtica"},"content":{"rendered":"<ul>\n<li><strong>11 de los 18 finalistas lo son por espect\u00e1culos producidos o exhibidos por el Mercat <\/strong><\/li>\n<li><strong>La gala de entrega de la XVIII edici\u00f3n tendr\u00e1 lugar el 21 de marzo en la Antigua F\u00e1brica Estrella Damm de Barcelona<\/strong><\/li>\n<li><strong>Los galardones estrenan este a\u00f1o las categor\u00edas de core\u00f3grafo, bailar\u00edn, bailarina y solo<\/strong><\/li>\n<\/ul>\n<p>El Mercat de les Flors suma 11 finalistas a los Premios de la Cr\u00edtica, que se entregar\u00e1n el pr\u00f3ximo 21 de marzo en una gala en la Antigua F\u00e1brica Estrella Damm de Barcelona. Los premios, organizados por <strong>Recomana, Asociaci\u00f3n para la Promoci\u00f3n de las Artes Esc\u00e9nicas<\/strong>, llegan este a\u00f1o a la XVIII edici\u00f3n y estrenan las nuevas categor\u00edas de core\u00f3grafo, bailar\u00edn, bailarina y solo.<\/p>\n<p>Las producciones y artistas vinculados al Mercat que optan a los Premios son las siguientes:<\/p>\n<p><em>Medea<\/em> (Thomas Noone Dance)<br \/>\n<em>Voronia<\/em> (Marcos Morau \/ La Veronal)<br \/>\n<em>\u00c0 louer<\/em> (Peeping Tom)<br \/>\nLali Ayguad\u00e9 (<em>B\u00e8sties<\/em>)<br \/>\nLorena Nogal (<em>Vor\u00f2nia<\/em> y <em>Zelenstova<\/em> de Marcos Morau \/ La Veronal)<br \/>\nRoc\u00edo Molina (<em>Bosque Ardora<\/em>)<br \/>\nJuan Carlos L\u00e9rida (<em>Al cante)<\/em><br \/>\nManuel Rodr\u00edguez (<em>Vor\u00f2nia <\/em>de Marcos Morau \/ La Veronal)<br \/>\n<em>A place to Bury Strangers<\/em> (Roberto Olivan \/ versi\u00f3n SAT Teatre)<br \/>\n<em>Fuck-In-Progress<\/em> (Jordi Cort\u00e9s)<br \/>\n<em>Time Takes The Time Time Takes<\/em> (Guy Nader y Mar\u00eda Campos)<\/p>\n<p>El jurado de los Premios de la Cr\u00edtica en las categor\u00edas de danza est\u00e1 compuesto por B\u00e0rbara Raubert, Carmen del Val, Sara Estell\u00e9s, Montse Otzet y Jordi Sora.<\/p>\n<p><a href=\"http:\/\/www.recomana.cat\/RECACCIONSA.ASP?ACCIO=132%20\" target=\"_blank\"><strong><span style=\"color: #3366ff;\">www.recomana.cat<\/span><\/strong><\/a><\/p>\n<p>&nbsp;<\/p>\n","protected":false},"excerpt":{"rendered":"<p>11 de los 18 finalistas lo son por espect\u00e1culos producidos [&hellip;]<\/p>\n","protected":false},"author":1,"featured_media":0,"comment_status":"open","ping_status":"open","sticky":false,"template":"","format":"standard","meta":[],"categories":[16],"tags":[],"_links":{"self":[{"href":"https:\/\/old.mercatflors.cat\/es\/wp-json\/wp\/v2\/posts\/18157\/"}],"collection":[{"href":"https:\/\/old.mercatflors.cat\/es\/wp-json\/wp\/v2\/posts\/"}],"about":[{"href":"https:\/\/old.mercatflors.cat\/es\/wp-json\/wp\/v2\/types\/post\/"}],"author":[{"embeddable":true,"href":"https:\/\/old.mercatflors.cat\/es\/wp-json\/wp\/v2\/users\/1\/"}],"replies":[{"embeddable":true,"href":"https:\/\/old.mercatflors.cat\/es\/wp-json\/wp\/v2\/comments\/?post=18157"}],"version-history":[{"count":0,"href":"https:\/\/old.mercatflors.cat\/es\/wp-json\/wp\/v2\/posts\/18157\/revisions\/"}],"wp:attachment":[{"href":"https:\/\/old.mercatflors.cat\/es\/wp-json\/wp\/v2\/media\/?parent=18157"}],"wp:term":[{"taxonomy":"category","embeddable":true,"href":"https:\/\/old.mercatflors.cat\/es\/wp-json\/wp\/v2\/categories\/?post=18157"},{"taxonomy":"post_tag","embeddable":true,"href":"https:\/\/old.mercatflors.cat\/es\/wp-json\/wp\/v2\/tags\/?post=18157"}],"curies":[{"name":"wp","href":"https:\/\/api.w.org\/{rel}","templated":true}]}}