{"id":18208,"date":"2016-03-18T12:46:45","date_gmt":"2016-03-18T11:46:45","guid":{"rendered":"https:\/\/old.mercatflors.cat\/?p=18208"},"modified":"2016-04-13T13:07:15","modified_gmt":"2016-04-13T12:07:15","slug":"la-red-europea-de-casas-de-la-danza-edn-celebra-una-reunion-durante-el-sismograf","status":"publish","type":"post","link":"https:\/\/old.mercatflors.cat\/es\/actualidad\/la-red-europea-de-casas-de-la-danza-edn-celebra-una-reunion-durante-el-sismograf\/","title":{"rendered":"La red europea de casas de la danza EDN celebra una conferencia durante el Sism\u00f2graf"},"content":{"rendered":"<p><strong>M\u00e1s de 20 directores de diversas Casas de Danza europeas participar\u00e1n en la <\/strong><strong>confere<\/strong><strong>ncia <em>\u201c\u00bfC\u00f3mo hacer la danza relevante? Ejercicios y pr\u00e1cticas\u201d<\/em>, en <\/strong><strong>el marco del festival Sism\u00f2graf del <\/strong><strong>31 de marzo\u00a0y 3 de abril<\/strong><strong>. La conferencia est\u00e1 organizada por el Mercat de les Flors y EDN (European Dancehouse Network), red de colaboraci\u00f3n entre 35 casas de danza de 22 pa\u00edses europeos para promover la danza<\/strong><\/p>\n<p>La conferencia incluye charlas, presentaciones de proyectos y sesiones de trabajo con metodolog\u00edas participativas en torno a la relevancia de la danza.<\/p>\n<p>La conferencia en Olot es la culminaci\u00f3n de una serie de actividades organizadas por EDN en los \u00faltimos meses en diferentes pa\u00edses y en las que ha sido un tema fundamental la cuesti\u00f3n &#8220;\u00bfC\u00f3mo hacer que la danza sea relevante?&#8221;. Cuando hablamos de relevancia nos referimos a menudo al compromiso de la danza con la realidad social y pol\u00edtica actual, con la participaci\u00f3n y la educaci\u00f3n como formas de desarrollar nuevas audiencias.<\/p>\n<p>Los contenidos de esta conferencia se han dise\u00f1ado en base a una investigaci\u00f3n previa a la b\u00fasqueda de ejemplos de buenas pr\u00e1cticas con una perspectiva amplia en torno a la idea de relevancia. Se ha creado un cat\u00e1logo con 25 ejemplos con una gran capacidad inspiradora que servir\u00e1n como herramienta de trabajo durante el encuentro. El objetivo no es dar respuestas, sino generar m\u00e1s preguntas.<\/p>\n<p>La conferencia est\u00e1 organizada por Mercado de las Flores y European Dancehouse Network con el apoyo del Programa Europa Creativa de la Uni\u00f3n Europea y la complicidad del festival Sism\u00f2graf.<\/p>\n<p><strong>La red europea EDN<\/strong><\/p>\n<p>EDN es una red de confianza y colaboraci\u00f3n entre 35 casas de danza europeas de 22 pa\u00edses que comparten una visi\u00f3n com\u00fan sobre el desarrollo internacional del arte de la danza. Su misi\u00f3n es promover el desarrollo profesionales de los artistas de danza as\u00ed como de la danza como forma de arte.<\/p>\n<p>Desde septiembre de 2014 EDN tiene el apoyo del programa Europea Creativa de la Uni\u00f3n Europea para un proyecto que tiene como foco la sostenibilidad y la relevancia de la danza. Ambos conceptos est\u00e1n presentes en todas las actividades organizadas en este marco. Hasta el momento han participado en estas actividades alrededor de 500 profesionales.<\/p>\n<p><a href=\"https:\/\/old.mercatflors.cat\/wp-content\/uploads\/2016\/03\/EDN_Conferencia-Relevancia-programa-ESP.pdf\" target=\"_blank\">Programa de la confer\u00e8ncia <\/a><\/p>\n<p><a href=\"https:\/\/old.mercatflors.cat\/wp-content\/uploads\/2016\/03\/EDN_Dossier-prensa.pdf%20\" target=\"_blank\">Informaci\u00f3n sobre EDN<\/a><\/p>\n<p>&nbsp;<\/p>\n","protected":false},"excerpt":{"rendered":"<p>M\u00e1s de 20 directores de diversas Casas de Danza europeas [&hellip;]<\/p>\n","protected":false},"author":1,"featured_media":0,"comment_status":"open","ping_status":"open","sticky":false,"template":"","format":"standard","meta":[],"categories":[16],"tags":[],"_links":{"self":[{"href":"https:\/\/old.mercatflors.cat\/es\/wp-json\/wp\/v2\/posts\/18208\/"}],"collection":[{"href":"https:\/\/old.mercatflors.cat\/es\/wp-json\/wp\/v2\/posts\/"}],"about":[{"href":"https:\/\/old.mercatflors.cat\/es\/wp-json\/wp\/v2\/types\/post\/"}],"author":[{"embeddable":true,"href":"https:\/\/old.mercatflors.cat\/es\/wp-json\/wp\/v2\/users\/1\/"}],"replies":[{"embeddable":true,"href":"https:\/\/old.mercatflors.cat\/es\/wp-json\/wp\/v2\/comments\/?post=18208"}],"version-history":[{"count":0,"href":"https:\/\/old.mercatflors.cat\/es\/wp-json\/wp\/v2\/posts\/18208\/revisions\/"}],"wp:attachment":[{"href":"https:\/\/old.mercatflors.cat\/es\/wp-json\/wp\/v2\/media\/?parent=18208"}],"wp:term":[{"taxonomy":"category","embeddable":true,"href":"https:\/\/old.mercatflors.cat\/es\/wp-json\/wp\/v2\/categories\/?post=18208"},{"taxonomy":"post_tag","embeddable":true,"href":"https:\/\/old.mercatflors.cat\/es\/wp-json\/wp\/v2\/tags\/?post=18208"}],"curies":[{"name":"wp","href":"https:\/\/api.w.org\/{rel}","templated":true}]}}