{"id":18710,"date":"2016-04-22T12:33:27","date_gmt":"2016-04-22T11:33:27","guid":{"rendered":"https:\/\/old.mercatflors.cat\/?p=18710"},"modified":"2016-06-13T14:09:33","modified_gmt":"2016-06-13T13:09:33","slug":"una-nueva-edicion-del-tots-dansen-en-diversas-ciudades-catalanas","status":"publish","type":"post","link":"https:\/\/old.mercatflors.cat\/es\/actualidad\/una-nueva-edicion-del-tots-dansen-en-diversas-ciudades-catalanas\/","title":{"rendered":"Una nueva edici\u00f3n del TOTS DANSEN en diversas ciudades catalanas"},"content":{"rendered":"<p>El proyecto de pr\u00e1ctica art\u00edstica en el aula dirigido a centros de secundaria y bachillerato est\u00e1 impulsado por el Mercat de les Flors y la Xarxa Transversal y est\u00e1 teniendo lugar en diferentes poblaciones de Catalunya: Granollers, Manresa, Matar\u00f3, Olot, Sant Cugat del Vall\u00e8s y Vilanova i la Geltr\u00fa.<\/p>\n<p>Este proyecto implica a 25 institutos y a casi 1.500 alumnos de secundaria, adem\u00e1s de a una cincuentena de profesores y una decena de formadores que realizan la asistencia a los core\u00f3grafos locales.<\/p>\n<p>El proceso de este proyecto ha empezado en enero con una formaci\u00f3n de profesores en el Mercat de les Flors, y sigue con el trabajo en las aulas con los alumnos, profesores y formadores. El core\u00f3grafo \u00c1lvaro de la Pe\u00f1a es el director art\u00edstico que, con la ayuda de los formadores y profesores, ha creado una coreograf\u00eda inspirada con los propios movimeintos e inquietudes de los alumnos.<\/p>\n<p>El <strong>calendario<\/strong> de funciones de TOTS DANSEN 15-16<\/p>\n<p>8 de abril funci\u00f3n: Teatre Principal d\u2019Olot<\/p>\n<p>20 de abril: funci\u00f3n (grupo 1) y 22 de abril funci\u00f3n (grupo 2): Kursaal de Manresa<\/p>\n<p>27 de abril funci\u00f3n: Teatre Auditori de Sant Cugat<\/p>\n<p>28 de abril: funci\u00f3n (grupo 1) y 29 de abril funci\u00f3n (grupo 2): Teatre Principal de Vilanova<\/p>\n<p>19 de mayo: funci\u00f3n (grupo 1) y 20 de mayo funci\u00f3n (grupo 2): Teatre Auditori de Granollers<\/p>\n<p>27 de mayo: funci\u00f3n (grupo 1) y 28 de mayo funci\u00f3n (grupo 2): Teatre Monumental de Matar\u00f3<\/p>\n","protected":false},"excerpt":{"rendered":"<p>El proyecto de pr\u00e1ctica art\u00edstica en el aula dirigido a [&hellip;]<\/p>\n","protected":false},"author":1,"featured_media":0,"comment_status":"open","ping_status":"open","sticky":false,"template":"","format":"standard","meta":[],"categories":[16],"tags":[],"_links":{"self":[{"href":"https:\/\/old.mercatflors.cat\/es\/wp-json\/wp\/v2\/posts\/18710\/"}],"collection":[{"href":"https:\/\/old.mercatflors.cat\/es\/wp-json\/wp\/v2\/posts\/"}],"about":[{"href":"https:\/\/old.mercatflors.cat\/es\/wp-json\/wp\/v2\/types\/post\/"}],"author":[{"embeddable":true,"href":"https:\/\/old.mercatflors.cat\/es\/wp-json\/wp\/v2\/users\/1\/"}],"replies":[{"embeddable":true,"href":"https:\/\/old.mercatflors.cat\/es\/wp-json\/wp\/v2\/comments\/?post=18710"}],"version-history":[{"count":0,"href":"https:\/\/old.mercatflors.cat\/es\/wp-json\/wp\/v2\/posts\/18710\/revisions\/"}],"wp:attachment":[{"href":"https:\/\/old.mercatflors.cat\/es\/wp-json\/wp\/v2\/media\/?parent=18710"}],"wp:term":[{"taxonomy":"category","embeddable":true,"href":"https:\/\/old.mercatflors.cat\/es\/wp-json\/wp\/v2\/categories\/?post=18710"},{"taxonomy":"post_tag","embeddable":true,"href":"https:\/\/old.mercatflors.cat\/es\/wp-json\/wp\/v2\/tags\/?post=18710"}],"curies":[{"name":"wp","href":"https:\/\/api.w.org\/{rel}","templated":true}]}}