{"id":18767,"date":"2016-04-29T09:40:56","date_gmt":"2016-04-29T08:40:56","guid":{"rendered":"https:\/\/old.mercatflors.cat\/?p=18767"},"modified":"2016-05-09T14:49:08","modified_gmt":"2016-05-09T13:49:08","slug":"participa-en-la-accion-bailada-que-la-apdc-organiza-en-barcelona-con-motivo-del-dia-internacional-de-la-danza","status":"publish","type":"post","link":"https:\/\/old.mercatflors.cat\/es\/actualidad\/participa-en-la-accion-bailada-que-la-apdc-organiza-en-barcelona-con-motivo-del-dia-internacional-de-la-danza\/","title":{"rendered":"Participa en la acci\u00f3n bailada que la APdC organiza en Barcelona con motivo del D\u00eda Internacional de la Danza"},"content":{"rendered":"<p>El pr\u00f3ximo <strong>29 de abril, a las 21h, la Plaza Salvador Segu\u00ed<\/strong> (delante de la Filmoteca de Catalu\u00f1a) acoger\u00e1 una<strong> acci\u00f3n participativa danzada<\/strong> que invitar\u00e1 a todo el mundo a bailar y descubrir los efectos que la danza tiene en el cuerpo y, sobre todo, en la cara. La\u00a0artista <strong>M\u00f3nica Muntaner<\/strong> presentar\u00e1 el espect\u00e1culo <a href=\"https:\/\/antesydespuesdebailar.wordpress.com\/\" target=\"_blank\">&#8216;<span style=\"text-decoration: underline;\"><span style=\"color: #0000ff; text-decoration: underline;\">Antes y despu\u00e9s de bailar<\/span><\/span><\/a>&#8216;, un proyecto participativo que invitar\u00e1 al p\u00fablico a salir del anonimato y subir al escenario para bailar de manera libre durante 40 minutos.<\/p>\n<p>Cuarenta personas del p\u00fablico podr\u00e1n inscribirse a la acci\u00f3n y se fotografiar\u00e1n antes de subir al escenario y empezar a bailar. Pasados los cuarenta minutos, se volver\u00e1n a fotografiar y se comparar\u00e1 la fotograf\u00eda resultante con la tomada\u00a0al inicio. Con esta acci\u00f3n, la APdC quiere<strong> promover el ejercicio de la danza desde el punto de vista comunitario<\/strong>, donde todos y todas podamos bailar sin juicios de car\u00e1cter est\u00e9tico, s\u00f3lo disfrutando del placer de movernos juntos.<\/p>\n<p>M\u00e1s informaci\u00f3n:<span style=\"text-decoration: underline;\"><span style=\"color: #0000ff;\"> <a style=\"color: #0000ff; text-decoration: underline;\" href=\"http:\/\/www.dansacat.org\/es\/actualitat\/1\/2795\/\" target=\"_blank\">http:\/\/www.dansacat.org\/actualitat\/1\/2795\/<\/a><\/span><\/span><\/p>\n","protected":false},"excerpt":{"rendered":"<p>El pr\u00f3ximo 29 de abril, a las 21h, la Plaza [&hellip;]<\/p>\n","protected":false},"author":1,"featured_media":0,"comment_status":"open","ping_status":"open","sticky":false,"template":"","format":"standard","meta":[],"categories":[16],"tags":[],"_links":{"self":[{"href":"https:\/\/old.mercatflors.cat\/es\/wp-json\/wp\/v2\/posts\/18767\/"}],"collection":[{"href":"https:\/\/old.mercatflors.cat\/es\/wp-json\/wp\/v2\/posts\/"}],"about":[{"href":"https:\/\/old.mercatflors.cat\/es\/wp-json\/wp\/v2\/types\/post\/"}],"author":[{"embeddable":true,"href":"https:\/\/old.mercatflors.cat\/es\/wp-json\/wp\/v2\/users\/1\/"}],"replies":[{"embeddable":true,"href":"https:\/\/old.mercatflors.cat\/es\/wp-json\/wp\/v2\/comments\/?post=18767"}],"version-history":[{"count":0,"href":"https:\/\/old.mercatflors.cat\/es\/wp-json\/wp\/v2\/posts\/18767\/revisions\/"}],"wp:attachment":[{"href":"https:\/\/old.mercatflors.cat\/es\/wp-json\/wp\/v2\/media\/?parent=18767"}],"wp:term":[{"taxonomy":"category","embeddable":true,"href":"https:\/\/old.mercatflors.cat\/es\/wp-json\/wp\/v2\/categories\/?post=18767"},{"taxonomy":"post_tag","embeddable":true,"href":"https:\/\/old.mercatflors.cat\/es\/wp-json\/wp\/v2\/tags\/?post=18767"}],"curies":[{"name":"wp","href":"https:\/\/api.w.org\/{rel}","templated":true}]}}