{"id":19295,"date":"2016-06-03T11:56:31","date_gmt":"2016-06-03T10:56:31","guid":{"rendered":"https:\/\/old.mercatflors.cat\/?p=19295"},"modified":"2017-10-09T11:28:25","modified_gmt":"2017-10-09T10:28:25","slug":"abierta-la-convocatoria-del-premio-de-danza-del-institut-del-teatre-2016","status":"publish","type":"post","link":"https:\/\/old.mercatflors.cat\/es\/actualidad\/abierta-la-convocatoria-del-premio-de-danza-del-institut-del-teatre-2016\/","title":{"rendered":"Abierta la convocatoria del Premio de Danza del Institut del Teatre 2016"},"content":{"rendered":"<p><strong>El conjunto del premio est\u00e1 valorado en m\u00e1s\u00a0de 40.000\u20ac\u00a0<\/strong><\/p>\n<p>El Institut del Teatre convoca uno de los\u00a0premios de danza m\u00e1s importantes\u00a0de la Uni\u00f3n Europea para ayudar a los core\u00f3grafos emergentes y\u00a0a los j\u00f3venes bailarines a producir un\u00a0espect\u00e1culo coreogr\u00e1fico, para darlos\u00a0a conocer y\u00a0para situarlos en\u00a0el mercado ofreci\u00e9ndoles un espacio de exhibici\u00f3n.<\/p>\n<p>Todos los interesados en participar deber\u00e1n\u00a0presentar un proyecto de\u00a0creaci\u00f3n coreogr\u00e1fica escrito, y\u00a0documentado\u00a0con un v\u00eddeo de 2 minutos, donde se pueda ver parte del material\u00a0de movimiento que utilizar\u00e1n para la\u00a0creaci\u00f3n de la coreograf\u00eda.\u00a0Entre todos los proyectos presentados se har\u00e1\u00a0una selecci\u00f3n de un m\u00e1ximo de cuatro finalistas que recibir\u00e1n una ayuda econ\u00f3mica para realizar una coreograf\u00eda\u00a0de 15 minutos.\u00a0Todas <strong>las coreograf\u00edas finalistas se presentar\u00e1n en una Gala de danza en el Mercat de les Flors<\/strong>, el 10 de\u00a0diciembre, donde despu\u00e9s del espect\u00e1culo el jurado proclamar\u00e1 la coreograf\u00eda ganadora del\u00a0Premio de Danza del Institut del\u00a0Teatre 2016.<\/p>\n<p>El premio consiste en una ayuda\u00a0a la\u00a0producci\u00f3n para desarrollar la coreograf\u00eda\u00a0presentada a un m\u00ednimo de 50 minutos.\u00a0Una ayuda a la creaci\u00f3n y\u00a0a la exhibici\u00f3n del espect\u00e1culo ganador.\u00a0<strong>Estreno del espect\u00e1culo de danza ganador en el Festival Grec 2017<\/strong> Barcelona.\u00a0Las solicitudes se presentar\u00e1n en el Registro General del Institut del Teatre de Barcelona,\u00a0situado\u00a0en la pla\u00e7a Margarida Xirgu, s\/n, 08004\u00a0Barcelona, de lunes a viernes, de 9 a 14 h.<\/p>\n<p><strong>Plazo de presentaci\u00f3n: del 1 al 15\u00a0de setiembre de 2016<\/strong> ambos incluidos.\u00a0Pod\u00e9is consultar al detalle\u00a0<span style=\"text-decoration: underline; color: #0000ff;\"><a style=\"color: #0000ff; text-decoration: underline;\" href=\"http:\/\/www.institutdelteatre.cat\/ca\/pl396\/graduats\/serveis-per-a-graduats\/id32\/premi-de-dansa-de-l-institut-del-teatre.htm\" target=\"_blank\" rel=\"noopener noreferrer\">las bases del Premio en\u00a0la p\u00e1gina web\u00a0del Institut del Teatre<\/a><\/span><\/p>\n","protected":false},"excerpt":{"rendered":"<p>El conjunto del premio est\u00e1 valorado en m\u00e1s\u00a0de 40.000\u20ac\u00a0 El [&hellip;]<\/p>\n","protected":false},"author":1,"featured_media":0,"comment_status":"open","ping_status":"open","sticky":false,"template":"","format":"standard","meta":[],"categories":[16],"tags":[],"_links":{"self":[{"href":"https:\/\/old.mercatflors.cat\/es\/wp-json\/wp\/v2\/posts\/19295\/"}],"collection":[{"href":"https:\/\/old.mercatflors.cat\/es\/wp-json\/wp\/v2\/posts\/"}],"about":[{"href":"https:\/\/old.mercatflors.cat\/es\/wp-json\/wp\/v2\/types\/post\/"}],"author":[{"embeddable":true,"href":"https:\/\/old.mercatflors.cat\/es\/wp-json\/wp\/v2\/users\/1\/"}],"replies":[{"embeddable":true,"href":"https:\/\/old.mercatflors.cat\/es\/wp-json\/wp\/v2\/comments\/?post=19295"}],"version-history":[{"count":0,"href":"https:\/\/old.mercatflors.cat\/es\/wp-json\/wp\/v2\/posts\/19295\/revisions\/"}],"wp:attachment":[{"href":"https:\/\/old.mercatflors.cat\/es\/wp-json\/wp\/v2\/media\/?parent=19295"}],"wp:term":[{"taxonomy":"category","embeddable":true,"href":"https:\/\/old.mercatflors.cat\/es\/wp-json\/wp\/v2\/categories\/?post=19295"},{"taxonomy":"post_tag","embeddable":true,"href":"https:\/\/old.mercatflors.cat\/es\/wp-json\/wp\/v2\/tags\/?post=19295"}],"curies":[{"name":"wp","href":"https:\/\/api.w.org\/{rel}","templated":true}]}}