{"id":19309,"date":"2016-06-03T12:39:27","date_gmt":"2016-06-03T11:39:27","guid":{"rendered":"https:\/\/old.mercatflors.cat\/?p=19309"},"modified":"2016-06-13T14:07:13","modified_gmt":"2016-06-13T13:07:13","slug":"la-orquesta-do-dacords-vuelve-al-mercat-en-un-concierto-con-bailarines-y-musicos-del-institut-del-teatre","status":"publish","type":"post","link":"https:\/\/old.mercatflors.cat\/es\/actualidad\/la-orquesta-do-dacords-vuelve-al-mercat-en-un-concierto-con-bailarines-y-musicos-del-institut-del-teatre\/","title":{"rendered":"La Orquesta \u2018Do d\u2019Acords\u2019 vuelve al Mercat en un concierto con bailarines y m\u00fasicos del Institut del Teatre"},"content":{"rendered":"<p><strong>El espect\u00e1culo organizado por la asociaci\u00f3n Integra Sons, con\u00a0el apoyo\u00a0del Ajuntament de Barcelona, tendr\u00e1 lugar el 8 de junio (19h)<\/strong><\/p>\n<p>La Orquesta Infantil y\u00a0Juvenil del Poble-sec,\u00a0<strong>Do d\u2019Acords<\/strong>, vuelve\u00a0el pr\u00f3ximo 8 de junio al escenario del Mercat de les Flors (19h). El espect\u00e1culo estar\u00e1 dirigido por el director del proyecto\u00a0y de la asociaci\u00f3n\u00a0<strong>Integra Sons<\/strong>,\u00a0<strong>Pablo Persico,\u00a0y<\/strong>\u00a0contar\u00e1, por primera vez, con la participaci\u00f3n de los bailarines de las disciplinas art\u00edsticas de danza cl\u00e1sica, contempor\u00e1nea y\u00a0flamenca y\u00a0los m\u00fasicos del <strong>Institut del Teatre. <\/strong><\/p>\n<p>El concierto consistir\u00e1 en un repertorio de un total de ocho\u00a0piezas: cuatro de repertorio tradicional, dos estrenos y\u00a0dos improvisaciones comunitarias, donde destacar\u00e1n melod\u00edas flamencas, tangos y\u00a0adaptaciones de la pel\u00edcula <em>Amelie, <\/em>entre otras.<\/p>\n<p>La entrada para la funci\u00f3n es gratuita y\u00a0los interesados en asistir podr\u00e1n pedir su\u00a0entrada previamente en\u00a0<strong>info@integrasons<\/strong>.<\/p>\n<p><strong>Do d\u2019Acords<br \/>\n<\/strong>Los integrantes de Do d\u2019Acords son\u00a0alumnos de los centros p\u00fablicos del Poble-sec, como las escuelas <strong>CEIP Jacint Verdaguer<\/strong>\u00a0y\u00a0<strong>CEIP Carles I<\/strong>; <strong>los institutos IES Consell de Cent<\/strong>\u00a0y\u00a0<strong>IES XXV Olimp\u00edada<\/strong>. Muchos de sus alumnos presentan unas necesidades acad\u00e9micas, psicol\u00f3gicas y\u00a0emocionales espec\u00edficas y, a trav\u00e9s de la m\u00fasica, mejoran su desarrollo personal y\u00a0social y\u00a0rendimiento escolar.<\/p>\n","protected":false},"excerpt":{"rendered":"<p>El espect\u00e1culo organizado por la asociaci\u00f3n Integra Sons, con\u00a0el apoyo\u00a0del [&hellip;]<\/p>\n","protected":false},"author":1,"featured_media":0,"comment_status":"open","ping_status":"open","sticky":false,"template":"","format":"standard","meta":[],"categories":[16],"tags":[],"_links":{"self":[{"href":"https:\/\/old.mercatflors.cat\/es\/wp-json\/wp\/v2\/posts\/19309\/"}],"collection":[{"href":"https:\/\/old.mercatflors.cat\/es\/wp-json\/wp\/v2\/posts\/"}],"about":[{"href":"https:\/\/old.mercatflors.cat\/es\/wp-json\/wp\/v2\/types\/post\/"}],"author":[{"embeddable":true,"href":"https:\/\/old.mercatflors.cat\/es\/wp-json\/wp\/v2\/users\/1\/"}],"replies":[{"embeddable":true,"href":"https:\/\/old.mercatflors.cat\/es\/wp-json\/wp\/v2\/comments\/?post=19309"}],"version-history":[{"count":0,"href":"https:\/\/old.mercatflors.cat\/es\/wp-json\/wp\/v2\/posts\/19309\/revisions\/"}],"wp:attachment":[{"href":"https:\/\/old.mercatflors.cat\/es\/wp-json\/wp\/v2\/media\/?parent=19309"}],"wp:term":[{"taxonomy":"category","embeddable":true,"href":"https:\/\/old.mercatflors.cat\/es\/wp-json\/wp\/v2\/categories\/?post=19309"},{"taxonomy":"post_tag","embeddable":true,"href":"https:\/\/old.mercatflors.cat\/es\/wp-json\/wp\/v2\/tags\/?post=19309"}],"curies":[{"name":"wp","href":"https:\/\/api.w.org\/{rel}","templated":true}]}}